{"id":55614,"date":"2023-03-20T13:27:29","date_gmt":"2023-03-20T12:27:29","guid":{"rendered":"https:\/\/www.teatrostabiletorino.it\/?p=55614"},"modified":"2023-03-20T13:27:29","modified_gmt":"2023-03-20T12:27:29","slug":"in-scena-al-teatro-gobetti-lo-spettacolo-storia-di-un-corpo-di-daniel-pennac-per-la-regia-di-giorgio-gallione-e-linterpretazione-di-giuseppe-cedernateatro-gobetti-28-marz","status":"publish","type":"post","link":"https:\/\/www.teatrostabiletorino.it\/en\/in-scena-al-teatro-gobetti-lo-spettacolo-storia-di-un-corpo-di-daniel-pennac-per-la-regia-di-giorgio-gallione-e-linterpretazione-di-giuseppe-cedernateatro-gobetti-28-marz\/","title":{"rendered":"IN SCENA AL TEATRO GOBETTI LO SPETTACOLO \u201cSTORIA DI UN CORPO\u201d DI DANIEL PENNAC, PER LA REGIA DI GIORGIO GALLIONE  E L\u2019INTERPRETAZIONE DI GIUSEPPE CEDERNA<br>Teatro Gobetti, 28 marzo \u2013 2 aprile 2023"},"content":{"rendered":"<p class=\"qtranxs-available-languages-message qtranxs-available-languages-message-en\">Sorry, this entry is only available in <a href=\"https:\/\/www.teatrostabiletorino.it\/it\/wp-json\/wp\/v2\/posts\/55614\" class=\"qtranxs-available-language-link qtranxs-available-language-link-it\" title=\"Italiano\">Italiano<\/a>.<\/p><p>Marted\u00ec 28 marzo 2023, alle ore 19.30, debutta al Teatro Gobetti lo spettacolo <strong><em>Storia di un corpo<\/em><\/strong> di <strong>Daniel Pennac<\/strong>, per l\u2019adattamento e la regia di <strong>Giorgio Gallione<\/strong> e l\u2019interpretazione di <strong>Giuseppe Cederna<\/strong>. Le scene sono di <strong>Marcello Chiarenza<\/strong>, le luci di <strong>Andrea Violato<\/strong>, le elaborazioni musicali di <strong>Paolo Silvestri<\/strong>. Lo spettacolo, prodotto da Produzioni Fuorivia e da Agidi, in collaborazione con Teatro Stabile di Bolzano e Teatro Cristallo, sar\u00e0 replicato per la stagione in abbonamento dello Stabile di Torino fino a domenica 2 aprile 2023.<\/p>\n<p><em>Storia di un corpo<\/em> \u00e8 il viaggio di una vita, uno straordinario percorso dentro un\u2019esistenza. Un tenero e sorprendente regalo post mortem, in forma di diario, che un padre fa alla figlia adorata. Una confessione e insieme un\u2019analisi, fisica ed emozionale, che il nostro io narrante ha tenuto dall\u2019et\u00e0 di dodici anni fino agli ultimi giorni della sua vita. Una narrazione fluviale dove, attraverso le sue scoperte e le sue mutazioni, il corpo del protagonista prende progressivamente la scena, accompagnandoci in un mondo che si svela attraverso i sensi, diremmo quasi l\u2019epidermide: la voce anaffettiva della madre, gli abbracci silenziosi del padre, l\u2019odore accogliente dell\u2019amata tata, il dolore bruciante di una ferita, il sapore dei baci della donna amata. Pagine e pagine di un diario intimo dove, raccontando di muscoli felici, di orgasmi potenti, di denti che fanno male o di meravigliose avventure tra sonno e veglia si narra una vicenda unica e insieme universale: lo sviluppo, la crescita e la rovina della sola esperienza che ci fa davvero tutti uguali, quella di noi grandiosi e vulnerabili esseri umani. E il fatto che questo avvenga attraverso la scrittura e la narrazione d\u00e0 la possibilit\u00e0 a Pennac di accompagnarci alla scoperta di quel giardino segreto che \u00e8 il nostro corpo, un organismo che \u00e8 insieme memoria, testimonianza e lascito. Pennac racconta della sanguinolenta battaglia contro un polipo nasale o della paralizzante scoperta del corpo femminile, dell\u2019\u201dinfamia\u201d della masturbazione o del miracolo della nascita, della tirannia delle flatulenze o della tragedia della morte sempre e continuamente tra sorpresa e sorriso, tra fatalit\u00e0 e miracolo, grandezze e miseria. E qui la \u201cvoce\u201d di Pennac si fa grande teatro, smette di essere libro e si trasforma in epica narrazione orale dove il diario di un corpo diventa una storia \u201cche merita di essere raccontata\u201d.<\/p>\n<p>&nbsp;<\/p>\n<p><strong>Note di regia di Giorgio Gallione<\/strong><\/p>\n<p>\u00ab1991: entro alla Libreria Feltrinelli di Genova. Stanno modificando la posizione di libri e collane. Struzzi, Istrici, Elefanti migrano in nuovi scaffali. Uno dei librai dribbla audacemente una piramide di Canguri, scontra un banco di Delfini, inciampa, cade. I volumi rimbalzano a terra, io cerco di aiutare, ne raccolgo un paio. Sulla quarta di copertina intravedo un commento di Stefano Benni, leggo e intanto aiuto a riordinare. \u201cSono arrivati oggi\u201d, mi dice il libraio. Annuisco e intanto fotografo con gli occhi alcune parole: capro espiatorio, cane epilettico, Babbo Natale assassino. Volto il libro e vedo il titolo <em>Il paradiso degli orchi<\/em> di Daniel Pennac. Torno alla quarta, leggo \u201cfiglio di Chandler e Queneau\u201d. Molti indizi fanno una prova direbbe Philip Marlowe, e allora il libro \u00e8 mio, lo compro. Da allora la parola di Pennac mi accompagna. \u00c8 diventata una costante del mio percorso teatrale. Di e con Daniel ho esplorato <em>Malaussene<\/em> e <em>L\u2019occhio del lupo<\/em>, <em>Grazie<\/em> e <em>La lunga notte del dottor Galvan<\/em>, <em>Diario di un somaro<\/em> e pure un paio di spettacoli per ragazzi. Perch\u00e9 quella di Pennac non \u00e8 solo scrittura, ma \u201cvoce\u201d, narrazione epica e bizzarra assieme. Un personalissimo, perenne esercizio di stile che comprende commozione e sorriso, ironia, gioco, paradosso e malinconia. Una antologia del teatrabile ricchissima e sorprendente. La letteratura di Pennac \u00e8 teatro in potenza. Per me regista e adattatore, un \u201cbosco narrativo\u201d quasi inesauribile col quale continuo a confrontarmi con felicit\u00e0 ed entusiasmo. Oggi tocca a <em>Storia di un corpo<\/em>. Un viaggio in un\u2019esistenza che si specchia in esperienze e sensazioni che partono dalla carne, scoperta per scoperta, sorpresa per sorpresa. Il corpo come un meraviglioso contenitore di storie e racconti che in palcoscenico acquistano ancor pi\u00f9 forza, senso e universalit\u00e0\u00bb.<\/p>\n<p>&nbsp;<\/p>\n<p><a href=\"http:\/\/www.teatrostabiletorino.it\/wp-content\/uploads\/2023\/03\/01_CS_Storia-di-un-corpo.pdf\" target=\"_blank\" rel=\"noopener noreferrer\">CS_Storia di un corpo<\/a><\/p>\n<p>\n\t\t<style type=\"text\/css\">\n\t\t\t#gallery-1 {\n\t\t\t\tmargin: auto;\n\t\t\t}\n\t\t\t#gallery-1 .gallery-item {\n\t\t\t\tfloat: left;\n\t\t\t\tmargin-top: 10px;\n\t\t\t\ttext-align: center;\n\t\t\t\twidth: 20%;\n\t\t\t}\n\t\t\t#gallery-1 img {\n\t\t\t\tborder: 2px solid #cfcfcf;\n\t\t\t}\n\t\t\t#gallery-1 .gallery-caption {\n\t\t\t\tmargin-left: 0;\n\t\t\t}\n\t\t\t\/* see gallery_shortcode() in wp-includes\/media.php *\/\n\t\t<\/style>\n\t\t<div id='gallery-1' class='gallery galleryid-55614 gallery-columns-5 gallery-size-thumbnail'><dl class='gallery-item'>\n\t\t\t<dt class='gallery-icon landscape'>\n\t\t\t\t<a data-rel=\"iLightbox[postimages]\" data-title=\"03_Storia di un corpo-ph_Matteo Groppo per Teatro Cristallo_MAT6742\" data-caption=\"Storia di un corpoph Matteo Groppo\" href='https:\/\/www.teatrostabiletorino.it\/wp-content\/uploads\/2023\/03\/03_Storia-di-un-corpo-ph_Matteo-Groppo-per-Teatro-Cristallo_MAT6742.jpg'><img decoding=\"async\" width=\"150\" height=\"150\" src=\"https:\/\/www.teatrostabiletorino.it\/wp-content\/uploads\/2023\/03\/03_Storia-di-un-corpo-ph_Matteo-Groppo-per-Teatro-Cristallo_MAT6742-150x150.jpg\" class=\"attachment-thumbnail size-thumbnail lazyload\" alt=\"\" aria-describedby=\"gallery-1-55616\" srcset=\"data:image\/svg+xml,%3Csvg%20xmlns%3D%27http%3A%2F%2Fwww.w3.org%2F2000%2Fsvg%27%20width%3D%271878%27%20height%3D%271252%27%20viewBox%3D%270%200%201878%201252%27%3E%3Crect%20width%3D%271878%27%20height%3D%271252%27%20fill-opacity%3D%220%22%2F%3E%3C%2Fsvg%3E\" data-orig-src=\"https:\/\/www.teatrostabiletorino.it\/wp-content\/uploads\/2023\/03\/03_Storia-di-un-corpo-ph_Matteo-Groppo-per-Teatro-Cristallo_MAT6742-150x150.jpg\" data-srcset=\"https:\/\/www.teatrostabiletorino.it\/wp-content\/uploads\/2023\/03\/03_Storia-di-un-corpo-ph_Matteo-Groppo-per-Teatro-Cristallo_MAT6742-66x66.jpg 66w, https:\/\/www.teatrostabiletorino.it\/wp-content\/uploads\/2023\/03\/03_Storia-di-un-corpo-ph_Matteo-Groppo-per-Teatro-Cristallo_MAT6742-150x150.jpg 150w\" data-sizes=\"auto\" \/><\/a>\n\t\t\t<\/dt>\n\t\t\t\t<dd class='wp-caption-text gallery-caption' id='gallery-1-55616'>\n\t\t\t\tStoria di un corpo<br>ph Matteo Groppo\n\t\t\t\t<\/dd><\/dl><dl class='gallery-item'>\n\t\t\t<dt class='gallery-icon landscape'>\n\t\t\t\t<a data-rel=\"iLightbox[postimages]\" data-title=\"04_Storia di un corpo-ph_Matteo Groppo per Teatro Cristallo_MAT6717\" data-caption=\"Storia di un corpoph Matteo Groppo\" href='https:\/\/www.teatrostabiletorino.it\/wp-content\/uploads\/2023\/03\/04_Storia-di-un-corpo-ph_Matteo-Groppo-per-Teatro-Cristallo_MAT6717.jpg'><img decoding=\"async\" width=\"150\" height=\"150\" src=\"https:\/\/www.teatrostabiletorino.it\/wp-content\/uploads\/2023\/03\/04_Storia-di-un-corpo-ph_Matteo-Groppo-per-Teatro-Cristallo_MAT6717-150x150.jpg\" class=\"attachment-thumbnail size-thumbnail lazyload\" alt=\"\" aria-describedby=\"gallery-1-55617\" srcset=\"data:image\/svg+xml,%3Csvg%20xmlns%3D%27http%3A%2F%2Fwww.w3.org%2F2000%2Fsvg%27%20width%3D%271878%27%20height%3D%271252%27%20viewBox%3D%270%200%201878%201252%27%3E%3Crect%20width%3D%271878%27%20height%3D%271252%27%20fill-opacity%3D%220%22%2F%3E%3C%2Fsvg%3E\" data-orig-src=\"https:\/\/www.teatrostabiletorino.it\/wp-content\/uploads\/2023\/03\/04_Storia-di-un-corpo-ph_Matteo-Groppo-per-Teatro-Cristallo_MAT6717-150x150.jpg\" data-srcset=\"https:\/\/www.teatrostabiletorino.it\/wp-content\/uploads\/2023\/03\/04_Storia-di-un-corpo-ph_Matteo-Groppo-per-Teatro-Cristallo_MAT6717-66x66.jpg 66w, https:\/\/www.teatrostabiletorino.it\/wp-content\/uploads\/2023\/03\/04_Storia-di-un-corpo-ph_Matteo-Groppo-per-Teatro-Cristallo_MAT6717-150x150.jpg 150w\" data-sizes=\"auto\" \/><\/a>\n\t\t\t<\/dt>\n\t\t\t\t<dd class='wp-caption-text gallery-caption' id='gallery-1-55617'>\n\t\t\t\tStoria di un corpo<br>ph Matteo Groppo\n\t\t\t\t<\/dd><\/dl><dl class='gallery-item'>\n\t\t\t<dt class='gallery-icon landscape'>\n\t\t\t\t<a data-rel=\"iLightbox[postimages]\" data-title=\"05_Storia di un corpo-ph_Matteo Groppo per Teatro Cristallo_MAT6432\" data-caption=\"Storia di un corpoph Matteo Groppo\" href='https:\/\/www.teatrostabiletorino.it\/wp-content\/uploads\/2023\/03\/05_Storia-di-un-corpo-ph_Matteo-Groppo-per-Teatro-Cristallo_MAT6432.jpg'><img decoding=\"async\" width=\"150\" height=\"150\" src=\"https:\/\/www.teatrostabiletorino.it\/wp-content\/uploads\/2023\/03\/05_Storia-di-un-corpo-ph_Matteo-Groppo-per-Teatro-Cristallo_MAT6432-150x150.jpg\" class=\"attachment-thumbnail size-thumbnail lazyload\" alt=\"\" aria-describedby=\"gallery-1-55618\" srcset=\"data:image\/svg+xml,%3Csvg%20xmlns%3D%27http%3A%2F%2Fwww.w3.org%2F2000%2Fsvg%27%20width%3D%271878%27%20height%3D%271252%27%20viewBox%3D%270%200%201878%201252%27%3E%3Crect%20width%3D%271878%27%20height%3D%271252%27%20fill-opacity%3D%220%22%2F%3E%3C%2Fsvg%3E\" data-orig-src=\"https:\/\/www.teatrostabiletorino.it\/wp-content\/uploads\/2023\/03\/05_Storia-di-un-corpo-ph_Matteo-Groppo-per-Teatro-Cristallo_MAT6432-150x150.jpg\" data-srcset=\"https:\/\/www.teatrostabiletorino.it\/wp-content\/uploads\/2023\/03\/05_Storia-di-un-corpo-ph_Matteo-Groppo-per-Teatro-Cristallo_MAT6432-66x66.jpg 66w, https:\/\/www.teatrostabiletorino.it\/wp-content\/uploads\/2023\/03\/05_Storia-di-un-corpo-ph_Matteo-Groppo-per-Teatro-Cristallo_MAT6432-150x150.jpg 150w\" data-sizes=\"auto\" \/><\/a>\n\t\t\t<\/dt>\n\t\t\t\t<dd class='wp-caption-text gallery-caption' id='gallery-1-55618'>\n\t\t\t\tStoria di un corpo<br>ph Matteo Groppo\n\t\t\t\t<\/dd><\/dl><dl class='gallery-item'>\n\t\t\t<dt class='gallery-icon landscape'>\n\t\t\t\t<a data-rel=\"iLightbox[postimages]\" data-title=\"06_Storia di un corpo-ph_Matteo Groppo per Teatro Cristallo_MAT6643\" data-caption=\"Storia di un corpoph Matteo Groppo\" href='https:\/\/www.teatrostabiletorino.it\/wp-content\/uploads\/2023\/03\/06_Storia-di-un-corpo-ph_Matteo-Groppo-per-Teatro-Cristallo_MAT6643.jpg'><img decoding=\"async\" width=\"150\" height=\"150\" src=\"https:\/\/www.teatrostabiletorino.it\/wp-content\/uploads\/2023\/03\/06_Storia-di-un-corpo-ph_Matteo-Groppo-per-Teatro-Cristallo_MAT6643-150x150.jpg\" class=\"attachment-thumbnail size-thumbnail lazyload\" alt=\"\" aria-describedby=\"gallery-1-55619\" srcset=\"data:image\/svg+xml,%3Csvg%20xmlns%3D%27http%3A%2F%2Fwww.w3.org%2F2000%2Fsvg%27%20width%3D%271878%27%20height%3D%271252%27%20viewBox%3D%270%200%201878%201252%27%3E%3Crect%20width%3D%271878%27%20height%3D%271252%27%20fill-opacity%3D%220%22%2F%3E%3C%2Fsvg%3E\" data-orig-src=\"https:\/\/www.teatrostabiletorino.it\/wp-content\/uploads\/2023\/03\/06_Storia-di-un-corpo-ph_Matteo-Groppo-per-Teatro-Cristallo_MAT6643-150x150.jpg\" data-srcset=\"https:\/\/www.teatrostabiletorino.it\/wp-content\/uploads\/2023\/03\/06_Storia-di-un-corpo-ph_Matteo-Groppo-per-Teatro-Cristallo_MAT6643-66x66.jpg 66w, https:\/\/www.teatrostabiletorino.it\/wp-content\/uploads\/2023\/03\/06_Storia-di-un-corpo-ph_Matteo-Groppo-per-Teatro-Cristallo_MAT6643-150x150.jpg 150w\" data-sizes=\"auto\" \/><\/a>\n\t\t\t<\/dt>\n\t\t\t\t<dd class='wp-caption-text gallery-caption' id='gallery-1-55619'>\n\t\t\t\tStoria di un corpo<br>ph Matteo Groppo\n\t\t\t\t<\/dd><\/dl><dl class='gallery-item'>\n\t\t\t<dt class='gallery-icon landscape'>\n\t\t\t\t<a data-rel=\"iLightbox[postimages]\" data-title=\"01_Storia di un corpo-ph_Matteo Groppo per Teatro Cristallo_MAT6360\" data-caption=\"Storia di un corpoph Matteo Groppo\" href='https:\/\/www.teatrostabiletorino.it\/wp-content\/uploads\/2023\/03\/01_Storia-di-un-corpo-ph_Matteo-Groppo-per-Teatro-Cristallo_MAT6360-scaled.jpg'><img decoding=\"async\" width=\"150\" height=\"150\" src=\"https:\/\/www.teatrostabiletorino.it\/wp-content\/uploads\/2023\/03\/01_Storia-di-un-corpo-ph_Matteo-Groppo-per-Teatro-Cristallo_MAT6360-150x150.jpg\" class=\"attachment-thumbnail size-thumbnail lazyload\" alt=\"\" aria-describedby=\"gallery-1-55620\" srcset=\"data:image\/svg+xml,%3Csvg%20xmlns%3D%27http%3A%2F%2Fwww.w3.org%2F2000%2Fsvg%27%20width%3D%272560%27%20height%3D%271707%27%20viewBox%3D%270%200%202560%201707%27%3E%3Crect%20width%3D%272560%27%20height%3D%271707%27%20fill-opacity%3D%220%22%2F%3E%3C%2Fsvg%3E\" data-orig-src=\"https:\/\/www.teatrostabiletorino.it\/wp-content\/uploads\/2023\/03\/01_Storia-di-un-corpo-ph_Matteo-Groppo-per-Teatro-Cristallo_MAT6360-150x150.jpg\" data-srcset=\"https:\/\/www.teatrostabiletorino.it\/wp-content\/uploads\/2023\/03\/01_Storia-di-un-corpo-ph_Matteo-Groppo-per-Teatro-Cristallo_MAT6360-66x66.jpg 66w, https:\/\/www.teatrostabiletorino.it\/wp-content\/uploads\/2023\/03\/01_Storia-di-un-corpo-ph_Matteo-Groppo-per-Teatro-Cristallo_MAT6360-150x150.jpg 150w\" data-sizes=\"auto\" \/><\/a>\n\t\t\t<\/dt>\n\t\t\t\t<dd class='wp-caption-text gallery-caption' id='gallery-1-55620'>\n\t\t\t\tStoria di un corpo<br>ph Matteo Groppo\n\t\t\t\t<\/dd><\/dl><br style=\"clear: both\" \/><dl class='gallery-item'>\n\t\t\t<dt class='gallery-icon portrait'>\n\t\t\t\t<a data-rel=\"iLightbox[postimages]\" data-title=\"02_Storia di un corpo-ph_Matteo Groppo per Teatro Cristallo_MAT6434\" data-caption=\"Storia di un corpoph Matteo Groppo\" href='https:\/\/www.teatrostabiletorino.it\/wp-content\/uploads\/2023\/03\/02_Storia-di-un-corpo-ph_Matteo-Groppo-per-Teatro-Cristallo_MAT6434-scaled.jpg'><img decoding=\"async\" width=\"150\" height=\"150\" src=\"https:\/\/www.teatrostabiletorino.it\/wp-content\/uploads\/2023\/03\/02_Storia-di-un-corpo-ph_Matteo-Groppo-per-Teatro-Cristallo_MAT6434-150x150.jpg\" class=\"attachment-thumbnail size-thumbnail lazyload\" alt=\"\" aria-describedby=\"gallery-1-55621\" srcset=\"data:image\/svg+xml,%3Csvg%20xmlns%3D%27http%3A%2F%2Fwww.w3.org%2F2000%2Fsvg%27%20width%3D%271707%27%20height%3D%272560%27%20viewBox%3D%270%200%201707%202560%27%3E%3Crect%20width%3D%271707%27%20height%3D%272560%27%20fill-opacity%3D%220%22%2F%3E%3C%2Fsvg%3E\" data-orig-src=\"https:\/\/www.teatrostabiletorino.it\/wp-content\/uploads\/2023\/03\/02_Storia-di-un-corpo-ph_Matteo-Groppo-per-Teatro-Cristallo_MAT6434-150x150.jpg\" data-srcset=\"https:\/\/www.teatrostabiletorino.it\/wp-content\/uploads\/2023\/03\/02_Storia-di-un-corpo-ph_Matteo-Groppo-per-Teatro-Cristallo_MAT6434-66x66.jpg 66w, https:\/\/www.teatrostabiletorino.it\/wp-content\/uploads\/2023\/03\/02_Storia-di-un-corpo-ph_Matteo-Groppo-per-Teatro-Cristallo_MAT6434-150x150.jpg 150w\" data-sizes=\"auto\" \/><\/a>\n\t\t\t<\/dt>\n\t\t\t\t<dd class='wp-caption-text gallery-caption' id='gallery-1-55621'>\n\t\t\t\tStoria di un corpo<br>ph Matteo Groppo\n\t\t\t\t<\/dd><\/dl>\n\t\t\t<br style='clear: both' \/>\n\t\t<\/div>\n<\/p>","protected":false},"excerpt":{"rendered":"<p>Sorry, this entry is only available in Italiano.Marted\u00ec 28 marzo 2023, alle ore 19.30, debutta <a href=\"https:\/\/www.teatrostabiletorino.it\/en\/in-scena-al-teatro-gobetti-lo-spettacolo-storia-di-un-corpo-di-daniel-pennac-per-la-regia-di-giorgio-gallione-e-linterpretazione-di-giuseppe-cedernateatro-gobetti-28-marz\/\"> [+]<\/a><\/p>\n","protected":false},"author":2,"featured_media":55619,"comment_status":"closed","ping_status":"open","sticky":false,"template":"","format":"standard","meta":{"_acf_changed":false,"footnotes":""},"categories":[108],"tags":[],"acf":[],"_links":{"self":[{"href":"https:\/\/www.teatrostabiletorino.it\/en\/wp-json\/wp\/v2\/posts\/55614"}],"collection":[{"href":"https:\/\/www.teatrostabiletorino.it\/en\/wp-json\/wp\/v2\/posts"}],"about":[{"href":"https:\/\/www.teatrostabiletorino.it\/en\/wp-json\/wp\/v2\/types\/post"}],"author":[{"embeddable":true,"href":"https:\/\/www.teatrostabiletorino.it\/en\/wp-json\/wp\/v2\/users\/2"}],"replies":[{"embeddable":true,"href":"https:\/\/www.teatrostabiletorino.it\/en\/wp-json\/wp\/v2\/comments?post=55614"}],"version-history":[{"count":0,"href":"https:\/\/www.teatrostabiletorino.it\/en\/wp-json\/wp\/v2\/posts\/55614\/revisions"}],"wp:featuredmedia":[{"embeddable":true,"href":"https:\/\/www.teatrostabiletorino.it\/en\/wp-json\/wp\/v2\/media\/55619"}],"wp:attachment":[{"href":"https:\/\/www.teatrostabiletorino.it\/en\/wp-json\/wp\/v2\/media?parent=55614"}],"wp:term":[{"taxonomy":"category","embeddable":true,"href":"https:\/\/www.teatrostabiletorino.it\/en\/wp-json\/wp\/v2\/categories?post=55614"},{"taxonomy":"post_tag","embeddable":true,"href":"https:\/\/www.teatrostabiletorino.it\/en\/wp-json\/wp\/v2\/tags?post=55614"}],"curies":[{"name":"wp","href":"https:\/\/api.w.org\/{rel}","templated":true}]}}