{"id":55623,"date":"2023-03-20T15:16:56","date_gmt":"2023-03-20T14:16:56","guid":{"rendered":"https:\/\/www.teatrostabiletorino.it\/?p=55623"},"modified":"2023-03-22T10:35:41","modified_gmt":"2023-03-22T09:35:41","slug":"al-teatro-carignano-vanno-in-scena-agamennone-e-coefore-eumenidi-i-due-spettacoli-che-compongono-la-trilogia-dellorestea-di-eschilo-firmata-da-davide-live","status":"publish","type":"post","link":"https:\/\/www.teatrostabiletorino.it\/en\/al-teatro-carignano-vanno-in-scena-agamennone-e-coefore-eumenidi-i-due-spettacoli-che-compongono-la-trilogia-dellorestea-di-eschilo-firmata-da-davide-live\/","title":{"rendered":"AL TEATRO CARIGNANO VANNO IN SCENA \u201cAGAMENNONE\u201d E \u201cCOEFORE\/EUMENIDI\u201d, I DUE SPETTACOLI CHE COMPONGONO LA TRILOGIA DELL\u2019ORESTEA DI ESCHILO FIRMATA DA DAVIDE LIVERMORE<br>Teatro Carignano, 28 marzo \u2013 6 aprile 2023"},"content":{"rendered":"<p class=\"qtranxs-available-languages-message qtranxs-available-languages-message-en\">Sorry, this entry is only available in <a href=\"https:\/\/www.teatrostabiletorino.it\/it\/wp-json\/wp\/v2\/posts\/55623\" class=\"qtranxs-available-language-link qtranxs-available-language-link-it\" title=\"Italiano\">Italiano<\/a>.<\/p><p>Marted\u00ec 28 marzo 2023, alle 19.30, debutter\u00e0 al Teatro Carignano la trilogia dell\u2019<strong>Orestea<\/strong> di <strong>Eschilo<\/strong> diretta da <strong>Davide<\/strong> <strong>Livermore<\/strong>, che viene sviluppata in due spettacoli: <strong><em>Agamennone<\/em> <\/strong>e <strong><em>Coefore \/ Eumenidi<\/em><\/strong><em>.\u00a0 <\/em><em>Agamennone<\/em>, <em>Coefore<\/em> ed <em>Eumenidi<\/em> sono la trilogia pi\u00f9 cruda e violenta della tragedia classica, oltrech\u00e9 l\u2019unica ad essere arrivata fino a noi nella sua integrit\u00e0. In questi allestimenti nati all\u2019interno della cornice del teatro greco di Siracusa, Davide Livermore non concede alcuno sconto alla loro ferocia e traspone il mito in una fastosa quanto decadente atmosfera Anni Trenta. All\u2019interno di uno spazio scenico di grande impatto visivo, dominato da ledwall che trasmettono immagini spettrali e minacciose, e riempito da una sofisticata partitura musicale, Livermore dona nuova linfa a questa pica storia di potere e violenza sull\u2019orlo dell\u2019abisso. L\u2019<em>Orestea<\/em>, prodotta dal Teatro Nazionale di Genova e da INDA Istituto Nazionale del Dramma Antico, sar\u00e0 in scena per la Stagione in abbonamento del Teatro Stabile di Torino fino a gioved\u00ec 6 aprile 2023.<\/p>\n<p>&nbsp;<\/p>\n<p><strong>TEATRO CARIGNANO<\/strong><\/p>\n<p><strong>dal 28 marzo al 6 aprile 2023 <\/strong><\/p>\n<p><strong>ORESTEA<\/strong><\/p>\n<p><strong>Agamennone <\/strong>dal 28 al 31 marzo<\/p>\n<p><strong>Coefore \/ Eumenidi<\/strong> dal 4 al 6 aprile<\/p>\n<p><strong>Maratone Orestea<\/strong> 1 e 2 aprile<\/p>\n<p>&nbsp;<\/p>\n<p><strong>L\u2019Orestea<\/strong><\/p>\n<p><strong>Scheda a cura della Compagnia<\/strong><\/p>\n<p>\u00c8 la trilogia perfetta, l\u2019unica giunta integra sino a noi: <em>Orestea<\/em> \u00e8 un testo imponente e complesso che fa i conti con la vendetta e la giustizia, con il maschile e il femminile, con la citt\u00e0 e con lo sfaldamento della societ\u00e0. \u00abEschilo ha voluto e scritto e fissato per sempre \u2013 ricorda la grecista Margherita Rubino \u2013 l\u2019ambiguit\u00e0 di quella stessa votazione democratica che reinventa e celebra nel suo finale grandioso. Il voto di Atena poteva essere in pi\u00f9, poteva non essere determinante. Lo \u00e8 invece. Una dea, sorella del difensore Apollo, fa assolvere Oreste. Eschilo poteva allestire un\u2019autocelebrazione di Atene, non lo ha fatto, il dubbio lo ha ideato e creato lui stesso\u00bb. Da questi presupposti parte anche la regia di Davide Livermore, il cui progetto scenico ha visto la luce a Siracusa nel 2021 per <em>Coefore<\/em> e <em>Eumenidi<\/em>, salvo poi completarsi nel teatro greco con <em>Agamennone<\/em> nel 2022. Commenta il regista: \u00abIl nodo dell\u2019<em>Orestea<\/em> \u00e8 la parola giustizia, perch\u00e9 questa onda di dolore e di sangue \u00e8 esemplare e si pu\u00f2 arrestare semplicemente con le leggi e con un tribunale imparziale che \u00e8 il pi\u00f9 straordinario risultato che l\u2019umanit\u00e0 \u00e8 riuscita a realizzare nella sua storia\u00bb. E per affrontare questa intricata storia di sangue e violenza, Livermore ha voluto guardare \u2013 come sempre nel suo percorso creativo \u2013 ai corsi e ricorsi storici, innervando l\u2019originale di Eschilo di tensione politica e umana. Come nell\u2019approccio \u201ccivile\u201d che fu per Pasolini-Gassman, qui la trilogia, nella straordinaria e vibrante traduzione di Walter Lapini, diventa materia viva, pulsante: \u00abLa narrazione di questa vicenda sar\u00e0 il pi\u00f9 vicino possibile ai nostri tempi. Non siamo \u201cmodernisti\u201d, ma artisti e abbiamo la responsabilit\u00e0 di dare vita alle parole della tragedia, che racconta le umane fragilit\u00e0, a volte terribili\u00bb. In questa prospettiva, allora, allestire l\u2019<em>Orestea<\/em>, \u00e8 un invito a riprendere le maglie della societ\u00e0, dello stare assieme. Mentre una guerra rimbomba alle porte dell\u2019Europa, mentre la pandemia sembra dare una tregua, mai come oggi il teatro deve porsi l\u2019obiettivo di ricreare la comunit\u00e0. \u00abIl teatro \u2013 spiega Livermore \u2013 \u00e8 il luogo della massima partecipazione della societ\u00e0 civile: in un momento storico come questo in cui non siamo pi\u00f9 abituati a essere comunit\u00e0, la parete specchio che chiude il primo capitolo, <em>Agamennone<\/em>, fa interagire il pubblico con l\u2019azione scenica, lo include nella scenografia, racconta il suo ruolo di agente dell\u2019atto teatrale. Far riflettere il teatro ricorda quanto il teatro stesso sia il luogo della massima partecipazione della societ\u00e0. Diciamo agli spettatori: quel che state guardando ci riguarda, sta parlando di noi\u00bb. Affidata a un gruppo straordinario e affiatato di interpreti, l\u2019<em>Orestea <\/em>di Davide Livermore \u00e8 anche frutto di una precisa presa di lavoro sulle tecniche d\u2019attore: \u00abLa tragedia richiede attori capaci di possedere il senso del canto nella voce parlata poich\u00e9 i temi toccati dalla tragedia necessitano di un tale estraniamento, di una tale capacit\u00e0 di immergerci in suoni che sostengano la forza di queste parole, restituendone la loro storia, scarnificando le emozioni e oggettivandole<em>. <\/em>Come nella ricerca della fine del 1500 a opera degli artisti della Camerata de\u2019 Bardi, una ricerca estrema che port\u00f2 alla creazione dell\u2019opera lirica, noi concretizziamo la definizione di Claudio Monteverdi: l\u2019Armonia al servizio della Poesia\u00bb.<\/p>\n<p>&nbsp;<\/p>\n<p><a href=\"http:\/\/www.teatrostabiletorino.it\/wp-content\/uploads\/2023\/03\/01_CS_Orestea.pdf\" target=\"_blank\" rel=\"noopener noreferrer\">CS_Orestea_Agamennone+Coefore\/Eumenidi<\/a><\/p>\n<p>\n\t\t<style type=\"text\/css\">\n\t\t\t#gallery-1 {\n\t\t\t\tmargin: auto;\n\t\t\t}\n\t\t\t#gallery-1 .gallery-item {\n\t\t\t\tfloat: left;\n\t\t\t\tmargin-top: 10px;\n\t\t\t\ttext-align: center;\n\t\t\t\twidth: 20%;\n\t\t\t}\n\t\t\t#gallery-1 img {\n\t\t\t\tborder: 2px solid #cfcfcf;\n\t\t\t}\n\t\t\t#gallery-1 .gallery-caption {\n\t\t\t\tmargin-left: 0;\n\t\t\t}\n\t\t\t\/* see gallery_shortcode() in wp-includes\/media.php *\/\n\t\t<\/style>\n\t\t<div id='gallery-1' class='gallery galleryid-55623 gallery-columns-5 gallery-size-thumbnail'><dl class='gallery-item'>\n\t\t\t<dt class='gallery-icon landscape'>\n\t\t\t\t<a data-rel=\"iLightbox[postimages]\" data-title=\"06_Coefore-Eumenidi (Laura Marinoni) ph Tommaso Le Pera\" data-caption=\"Coefore\/Eumenidiph Tommaso Le Pera\" href='https:\/\/www.teatrostabiletorino.it\/wp-content\/uploads\/2023\/03\/06_Coefore-Eumenidi-Laura-Marinoni-ph-Tommaso-Le-Pera.jpg'><img decoding=\"async\" width=\"150\" height=\"150\" src=\"https:\/\/www.teatrostabiletorino.it\/wp-content\/uploads\/2023\/03\/06_Coefore-Eumenidi-Laura-Marinoni-ph-Tommaso-Le-Pera-150x150.jpg\" class=\"attachment-thumbnail size-thumbnail lazyload\" alt=\"\" aria-describedby=\"gallery-1-55625\" srcset=\"data:image\/svg+xml,%3Csvg%20xmlns%3D%27http%3A%2F%2Fwww.w3.org%2F2000%2Fsvg%27%20width%3D%272126%27%20height%3D%271418%27%20viewBox%3D%270%200%202126%201418%27%3E%3Crect%20width%3D%272126%27%20height%3D%271418%27%20fill-opacity%3D%220%22%2F%3E%3C%2Fsvg%3E\" data-orig-src=\"https:\/\/www.teatrostabiletorino.it\/wp-content\/uploads\/2023\/03\/06_Coefore-Eumenidi-Laura-Marinoni-ph-Tommaso-Le-Pera-150x150.jpg\" data-srcset=\"https:\/\/www.teatrostabiletorino.it\/wp-content\/uploads\/2023\/03\/06_Coefore-Eumenidi-Laura-Marinoni-ph-Tommaso-Le-Pera-66x66.jpg 66w, https:\/\/www.teatrostabiletorino.it\/wp-content\/uploads\/2023\/03\/06_Coefore-Eumenidi-Laura-Marinoni-ph-Tommaso-Le-Pera-150x150.jpg 150w\" data-sizes=\"auto\" \/><\/a>\n\t\t\t<\/dt>\n\t\t\t\t<dd class='wp-caption-text gallery-caption' id='gallery-1-55625'>\n\t\t\t\tCoefore\/Eumenidi<br>ph Tommaso Le Pera\n\t\t\t\t<\/dd><\/dl><dl class='gallery-item'>\n\t\t\t<dt class='gallery-icon landscape'>\n\t\t\t\t<a data-rel=\"iLightbox[postimages]\" data-title=\"07_Coefore-Eumenidi 52_4096 ph Federico Pitto\" data-caption=\"Coefore\/Eumenidiph Federico Pitto\" href='https:\/\/www.teatrostabiletorino.it\/wp-content\/uploads\/2023\/03\/07_Coefore-Eumenidi-52_4096-ph-Federico-Pitto.jpg'><img decoding=\"async\" width=\"150\" height=\"150\" src=\"https:\/\/www.teatrostabiletorino.it\/wp-content\/uploads\/2023\/03\/07_Coefore-Eumenidi-52_4096-ph-Federico-Pitto-150x150.jpg\" class=\"attachment-thumbnail size-thumbnail lazyload\" alt=\"\" aria-describedby=\"gallery-1-55626\" srcset=\"data:image\/svg+xml,%3Csvg%20xmlns%3D%27http%3A%2F%2Fwww.w3.org%2F2000%2Fsvg%27%20width%3D%272126%27%20height%3D%271419%27%20viewBox%3D%270%200%202126%201419%27%3E%3Crect%20width%3D%272126%27%20height%3D%271419%27%20fill-opacity%3D%220%22%2F%3E%3C%2Fsvg%3E\" data-orig-src=\"https:\/\/www.teatrostabiletorino.it\/wp-content\/uploads\/2023\/03\/07_Coefore-Eumenidi-52_4096-ph-Federico-Pitto-150x150.jpg\" data-srcset=\"https:\/\/www.teatrostabiletorino.it\/wp-content\/uploads\/2023\/03\/07_Coefore-Eumenidi-52_4096-ph-Federico-Pitto-66x66.jpg 66w, https:\/\/www.teatrostabiletorino.it\/wp-content\/uploads\/2023\/03\/07_Coefore-Eumenidi-52_4096-ph-Federico-Pitto-150x150.jpg 150w\" data-sizes=\"auto\" \/><\/a>\n\t\t\t<\/dt>\n\t\t\t\t<dd class='wp-caption-text gallery-caption' id='gallery-1-55626'>\n\t\t\t\tCoefore\/Eumenidi<br>ph Federico Pitto\n\t\t\t\t<\/dd><\/dl><dl class='gallery-item'>\n\t\t\t<dt class='gallery-icon landscape'>\n\t\t\t\t<a data-rel=\"iLightbox[postimages]\" data-title=\"08_Coefore-Eumenidi (Anna Della Rosa, Giuseppe Sartori) ph Federico Pitto\" data-caption=\"Coefore\/Eumenidiph Federico Pitto\" href='https:\/\/www.teatrostabiletorino.it\/wp-content\/uploads\/2023\/03\/08_Coefore-Eumenidi-Anna-Della-Rosa-Giuseppe-Sartori-ph-Federico-Pitto.jpg'><img decoding=\"async\" width=\"150\" height=\"150\" src=\"https:\/\/www.teatrostabiletorino.it\/wp-content\/uploads\/2023\/03\/08_Coefore-Eumenidi-Anna-Della-Rosa-Giuseppe-Sartori-ph-Federico-Pitto-150x150.jpg\" class=\"attachment-thumbnail size-thumbnail lazyload\" alt=\"\" aria-describedby=\"gallery-1-55627\" srcset=\"data:image\/svg+xml,%3Csvg%20xmlns%3D%27http%3A%2F%2Fwww.w3.org%2F2000%2Fsvg%27%20width%3D%272126%27%20height%3D%271419%27%20viewBox%3D%270%200%202126%201419%27%3E%3Crect%20width%3D%272126%27%20height%3D%271419%27%20fill-opacity%3D%220%22%2F%3E%3C%2Fsvg%3E\" data-orig-src=\"https:\/\/www.teatrostabiletorino.it\/wp-content\/uploads\/2023\/03\/08_Coefore-Eumenidi-Anna-Della-Rosa-Giuseppe-Sartori-ph-Federico-Pitto-150x150.jpg\" data-srcset=\"https:\/\/www.teatrostabiletorino.it\/wp-content\/uploads\/2023\/03\/08_Coefore-Eumenidi-Anna-Della-Rosa-Giuseppe-Sartori-ph-Federico-Pitto-66x66.jpg 66w, https:\/\/www.teatrostabiletorino.it\/wp-content\/uploads\/2023\/03\/08_Coefore-Eumenidi-Anna-Della-Rosa-Giuseppe-Sartori-ph-Federico-Pitto-150x150.jpg 150w\" data-sizes=\"auto\" \/><\/a>\n\t\t\t<\/dt>\n\t\t\t\t<dd class='wp-caption-text gallery-caption' id='gallery-1-55627'>\n\t\t\t\tCoefore\/Eumenidi<br>ph Federico Pitto\n\t\t\t\t<\/dd><\/dl><dl class='gallery-item'>\n\t\t\t<dt class='gallery-icon landscape'>\n\t\t\t\t<a data-rel=\"iLightbox[postimages]\" data-title=\"09_Coefore-Eumenidi (Bianca Mei, Olivia Manescalchi, Giancarlo Judica Cordiglia) ph Federico Pitto\" data-caption=\"Coefore\/Eumenidiph Federico Pitto\" href='https:\/\/www.teatrostabiletorino.it\/wp-content\/uploads\/2023\/03\/09_Coefore-Eumenidi-Bianca-Mei-Olivia-Manescalchi-Giancarlo-Judica-Cordiglia-ph-Federico-Pitto.jpg'><img decoding=\"async\" width=\"150\" height=\"150\" src=\"https:\/\/www.teatrostabiletorino.it\/wp-content\/uploads\/2023\/03\/09_Coefore-Eumenidi-Bianca-Mei-Olivia-Manescalchi-Giancarlo-Judica-Cordiglia-ph-Federico-Pitto-150x150.jpg\" class=\"attachment-thumbnail size-thumbnail lazyload\" alt=\"\" aria-describedby=\"gallery-1-55628\" srcset=\"data:image\/svg+xml,%3Csvg%20xmlns%3D%27http%3A%2F%2Fwww.w3.org%2F2000%2Fsvg%27%20width%3D%272126%27%20height%3D%271419%27%20viewBox%3D%270%200%202126%201419%27%3E%3Crect%20width%3D%272126%27%20height%3D%271419%27%20fill-opacity%3D%220%22%2F%3E%3C%2Fsvg%3E\" data-orig-src=\"https:\/\/www.teatrostabiletorino.it\/wp-content\/uploads\/2023\/03\/09_Coefore-Eumenidi-Bianca-Mei-Olivia-Manescalchi-Giancarlo-Judica-Cordiglia-ph-Federico-Pitto-150x150.jpg\" data-srcset=\"https:\/\/www.teatrostabiletorino.it\/wp-content\/uploads\/2023\/03\/09_Coefore-Eumenidi-Bianca-Mei-Olivia-Manescalchi-Giancarlo-Judica-Cordiglia-ph-Federico-Pitto-66x66.jpg 66w, https:\/\/www.teatrostabiletorino.it\/wp-content\/uploads\/2023\/03\/09_Coefore-Eumenidi-Bianca-Mei-Olivia-Manescalchi-Giancarlo-Judica-Cordiglia-ph-Federico-Pitto-150x150.jpg 150w\" data-sizes=\"auto\" \/><\/a>\n\t\t\t<\/dt>\n\t\t\t\t<dd class='wp-caption-text gallery-caption' id='gallery-1-55628'>\n\t\t\t\tCoefore\/Eumenidi<br>ph Federico Pitto\n\t\t\t\t<\/dd><\/dl><dl class='gallery-item'>\n\t\t\t<dt class='gallery-icon landscape'>\n\t\t\t\t<a data-rel=\"iLightbox[postimages]\" data-title=\"10_Coefore-Eumenidi (Giuseppe Sartori, Gabriele Crisafulli, Stefano Santospago) ph Federico Pitto\" data-caption=\"Coefore\/Eumenidiph Federico Pitto\" href='https:\/\/www.teatrostabiletorino.it\/wp-content\/uploads\/2023\/03\/10_Coefore-Eumenidi-Giuseppe-Sartori-Gabriele-Crisafulli-Stefano-Santospago-ph-Federico-Pitto.jpg'><img decoding=\"async\" width=\"150\" height=\"150\" src=\"https:\/\/www.teatrostabiletorino.it\/wp-content\/uploads\/2023\/03\/10_Coefore-Eumenidi-Giuseppe-Sartori-Gabriele-Crisafulli-Stefano-Santospago-ph-Federico-Pitto-150x150.jpg\" class=\"attachment-thumbnail size-thumbnail lazyload\" alt=\"\" aria-describedby=\"gallery-1-55629\" srcset=\"data:image\/svg+xml,%3Csvg%20xmlns%3D%27http%3A%2F%2Fwww.w3.org%2F2000%2Fsvg%27%20width%3D%272126%27%20height%3D%271419%27%20viewBox%3D%270%200%202126%201419%27%3E%3Crect%20width%3D%272126%27%20height%3D%271419%27%20fill-opacity%3D%220%22%2F%3E%3C%2Fsvg%3E\" data-orig-src=\"https:\/\/www.teatrostabiletorino.it\/wp-content\/uploads\/2023\/03\/10_Coefore-Eumenidi-Giuseppe-Sartori-Gabriele-Crisafulli-Stefano-Santospago-ph-Federico-Pitto-150x150.jpg\" data-srcset=\"https:\/\/www.teatrostabiletorino.it\/wp-content\/uploads\/2023\/03\/10_Coefore-Eumenidi-Giuseppe-Sartori-Gabriele-Crisafulli-Stefano-Santospago-ph-Federico-Pitto-66x66.jpg 66w, https:\/\/www.teatrostabiletorino.it\/wp-content\/uploads\/2023\/03\/10_Coefore-Eumenidi-Giuseppe-Sartori-Gabriele-Crisafulli-Stefano-Santospago-ph-Federico-Pitto-150x150.jpg 150w\" data-sizes=\"auto\" \/><\/a>\n\t\t\t<\/dt>\n\t\t\t\t<dd class='wp-caption-text gallery-caption' id='gallery-1-55629'>\n\t\t\t\tCoefore\/Eumenidi<br>ph Federico Pitto\n\t\t\t\t<\/dd><\/dl><br style=\"clear: both\" \/><dl class='gallery-item'>\n\t\t\t<dt class='gallery-icon landscape'>\n\t\t\t\t<a data-rel=\"iLightbox[postimages]\" data-title=\"11_Coefore-Eumenidi (Giuseppe Sartori, Laura Marinoni) ph Federico Pitto\" data-caption=\"Coefore\/Eumenidiph Federico Pitto\" href='https:\/\/www.teatrostabiletorino.it\/wp-content\/uploads\/2023\/03\/11_Coefore-Eumenidi-Giuseppe-Sartori-Laura-Marinoni-ph-Federico-Pitto.jpg'><img decoding=\"async\" width=\"150\" height=\"150\" src=\"https:\/\/www.teatrostabiletorino.it\/wp-content\/uploads\/2023\/03\/11_Coefore-Eumenidi-Giuseppe-Sartori-Laura-Marinoni-ph-Federico-Pitto-150x150.jpg\" class=\"attachment-thumbnail size-thumbnail lazyload\" alt=\"\" aria-describedby=\"gallery-1-55630\" srcset=\"data:image\/svg+xml,%3Csvg%20xmlns%3D%27http%3A%2F%2Fwww.w3.org%2F2000%2Fsvg%27%20width%3D%272126%27%20height%3D%271419%27%20viewBox%3D%270%200%202126%201419%27%3E%3Crect%20width%3D%272126%27%20height%3D%271419%27%20fill-opacity%3D%220%22%2F%3E%3C%2Fsvg%3E\" data-orig-src=\"https:\/\/www.teatrostabiletorino.it\/wp-content\/uploads\/2023\/03\/11_Coefore-Eumenidi-Giuseppe-Sartori-Laura-Marinoni-ph-Federico-Pitto-150x150.jpg\" data-srcset=\"https:\/\/www.teatrostabiletorino.it\/wp-content\/uploads\/2023\/03\/11_Coefore-Eumenidi-Giuseppe-Sartori-Laura-Marinoni-ph-Federico-Pitto-66x66.jpg 66w, https:\/\/www.teatrostabiletorino.it\/wp-content\/uploads\/2023\/03\/11_Coefore-Eumenidi-Giuseppe-Sartori-Laura-Marinoni-ph-Federico-Pitto-150x150.jpg 150w\" data-sizes=\"auto\" \/><\/a>\n\t\t\t<\/dt>\n\t\t\t\t<dd class='wp-caption-text gallery-caption' id='gallery-1-55630'>\n\t\t\t\tCoefore\/Eumenidi<br>ph Federico Pitto\n\t\t\t\t<\/dd><\/dl><dl class='gallery-item'>\n\t\t\t<dt class='gallery-icon landscape'>\n\t\t\t\t<a data-rel=\"iLightbox[postimages]\" data-title=\"12_Coefore-Eumenidi (Maria Grazia Solano, Giuseppe Sartori) ph Federico Pitto\" data-caption=\"Coefore\/Eumenidiph Federico Pitto\" href='https:\/\/www.teatrostabiletorino.it\/wp-content\/uploads\/2023\/03\/12_Coefore-Eumenidi-Maria-Grazia-Solano-Giuseppe-Sartori-ph-Federico-Pitto.jpg'><img decoding=\"async\" width=\"150\" height=\"150\" src=\"https:\/\/www.teatrostabiletorino.it\/wp-content\/uploads\/2023\/03\/12_Coefore-Eumenidi-Maria-Grazia-Solano-Giuseppe-Sartori-ph-Federico-Pitto-150x150.jpg\" class=\"attachment-thumbnail size-thumbnail lazyload\" alt=\"\" aria-describedby=\"gallery-1-55631\" srcset=\"data:image\/svg+xml,%3Csvg%20xmlns%3D%27http%3A%2F%2Fwww.w3.org%2F2000%2Fsvg%27%20width%3D%272126%27%20height%3D%271419%27%20viewBox%3D%270%200%202126%201419%27%3E%3Crect%20width%3D%272126%27%20height%3D%271419%27%20fill-opacity%3D%220%22%2F%3E%3C%2Fsvg%3E\" data-orig-src=\"https:\/\/www.teatrostabiletorino.it\/wp-content\/uploads\/2023\/03\/12_Coefore-Eumenidi-Maria-Grazia-Solano-Giuseppe-Sartori-ph-Federico-Pitto-150x150.jpg\" data-srcset=\"https:\/\/www.teatrostabiletorino.it\/wp-content\/uploads\/2023\/03\/12_Coefore-Eumenidi-Maria-Grazia-Solano-Giuseppe-Sartori-ph-Federico-Pitto-66x66.jpg 66w, https:\/\/www.teatrostabiletorino.it\/wp-content\/uploads\/2023\/03\/12_Coefore-Eumenidi-Maria-Grazia-Solano-Giuseppe-Sartori-ph-Federico-Pitto-150x150.jpg 150w\" data-sizes=\"auto\" \/><\/a>\n\t\t\t<\/dt>\n\t\t\t\t<dd class='wp-caption-text gallery-caption' id='gallery-1-55631'>\n\t\t\t\tCoefore\/Eumenidi<br>ph Federico Pitto\n\t\t\t\t<\/dd><\/dl><dl class='gallery-item'>\n\t\t\t<dt class='gallery-icon landscape'>\n\t\t\t\t<a data-rel=\"iLightbox[postimages]\" data-title=\"13_Coefore-Eumenidi 40_4096 ph Federico Pitto\" data-caption=\"Coefore\/Eumenidiph Federico Pitto\" href='https:\/\/www.teatrostabiletorino.it\/wp-content\/uploads\/2023\/03\/13_Coefore-Eumenidi-40_4096-ph-Federico-Pitto.jpg'><img decoding=\"async\" width=\"150\" height=\"150\" src=\"https:\/\/www.teatrostabiletorino.it\/wp-content\/uploads\/2023\/03\/13_Coefore-Eumenidi-40_4096-ph-Federico-Pitto-150x150.jpg\" class=\"attachment-thumbnail size-thumbnail lazyload\" alt=\"\" aria-describedby=\"gallery-1-55632\" srcset=\"data:image\/svg+xml,%3Csvg%20xmlns%3D%27http%3A%2F%2Fwww.w3.org%2F2000%2Fsvg%27%20width%3D%272126%27%20height%3D%271419%27%20viewBox%3D%270%200%202126%201419%27%3E%3Crect%20width%3D%272126%27%20height%3D%271419%27%20fill-opacity%3D%220%22%2F%3E%3C%2Fsvg%3E\" data-orig-src=\"https:\/\/www.teatrostabiletorino.it\/wp-content\/uploads\/2023\/03\/13_Coefore-Eumenidi-40_4096-ph-Federico-Pitto-150x150.jpg\" data-srcset=\"https:\/\/www.teatrostabiletorino.it\/wp-content\/uploads\/2023\/03\/13_Coefore-Eumenidi-40_4096-ph-Federico-Pitto-66x66.jpg 66w, https:\/\/www.teatrostabiletorino.it\/wp-content\/uploads\/2023\/03\/13_Coefore-Eumenidi-40_4096-ph-Federico-Pitto-150x150.jpg 150w\" data-sizes=\"auto\" \/><\/a>\n\t\t\t<\/dt>\n\t\t\t\t<dd class='wp-caption-text gallery-caption' id='gallery-1-55632'>\n\t\t\t\tCoefore\/Eumenidi<br>ph Federico Pitto\n\t\t\t\t<\/dd><\/dl><dl class='gallery-item'>\n\t\t\t<dt class='gallery-icon landscape'>\n\t\t\t\t<a data-rel=\"iLightbox[postimages]\" data-title=\"14_Coefore-Eumenidi 45_4096 ph Federico Pitto\" data-caption=\"Coefore\/Eumenidiph Federico Pitto\" href='https:\/\/www.teatrostabiletorino.it\/wp-content\/uploads\/2023\/03\/14_Coefore-Eumenidi-45_4096-ph-Federico-Pitto.jpg'><img decoding=\"async\" width=\"150\" height=\"150\" src=\"https:\/\/www.teatrostabiletorino.it\/wp-content\/uploads\/2023\/03\/14_Coefore-Eumenidi-45_4096-ph-Federico-Pitto-150x150.jpg\" class=\"attachment-thumbnail size-thumbnail lazyload\" alt=\"\" aria-describedby=\"gallery-1-55633\" srcset=\"data:image\/svg+xml,%3Csvg%20xmlns%3D%27http%3A%2F%2Fwww.w3.org%2F2000%2Fsvg%27%20width%3D%272126%27%20height%3D%271419%27%20viewBox%3D%270%200%202126%201419%27%3E%3Crect%20width%3D%272126%27%20height%3D%271419%27%20fill-opacity%3D%220%22%2F%3E%3C%2Fsvg%3E\" data-orig-src=\"https:\/\/www.teatrostabiletorino.it\/wp-content\/uploads\/2023\/03\/14_Coefore-Eumenidi-45_4096-ph-Federico-Pitto-150x150.jpg\" data-srcset=\"https:\/\/www.teatrostabiletorino.it\/wp-content\/uploads\/2023\/03\/14_Coefore-Eumenidi-45_4096-ph-Federico-Pitto-66x66.jpg 66w, https:\/\/www.teatrostabiletorino.it\/wp-content\/uploads\/2023\/03\/14_Coefore-Eumenidi-45_4096-ph-Federico-Pitto-150x150.jpg 150w\" data-sizes=\"auto\" \/><\/a>\n\t\t\t<\/dt>\n\t\t\t\t<dd class='wp-caption-text gallery-caption' id='gallery-1-55633'>\n\t\t\t\tCoefore\/Eumenidi<br>ph Federico Pitto\n\t\t\t\t<\/dd><\/dl><dl class='gallery-item'>\n\t\t\t<dt class='gallery-icon landscape'>\n\t\t\t\t<a data-rel=\"iLightbox[postimages]\" data-title=\"01_Agamennone (Linda Gennari, Sax Nicosia) ph Federico Pitto\" data-caption=\"Agamennoneph Federico Pitto\" href='https:\/\/www.teatrostabiletorino.it\/wp-content\/uploads\/2023\/03\/01_Agamennone-Linda-Gennari-Sax-Nicosia-ph-Federico-Pitto.jpg'><img decoding=\"async\" width=\"150\" height=\"150\" src=\"https:\/\/www.teatrostabiletorino.it\/wp-content\/uploads\/2023\/03\/01_Agamennone-Linda-Gennari-Sax-Nicosia-ph-Federico-Pitto-150x150.jpg\" class=\"attachment-thumbnail size-thumbnail lazyload\" alt=\"\" aria-describedby=\"gallery-1-55634\" srcset=\"data:image\/svg+xml,%3Csvg%20xmlns%3D%27http%3A%2F%2Fwww.w3.org%2F2000%2Fsvg%27%20width%3D%272096%27%20height%3D%271535%27%20viewBox%3D%270%200%202096%201535%27%3E%3Crect%20width%3D%272096%27%20height%3D%271535%27%20fill-opacity%3D%220%22%2F%3E%3C%2Fsvg%3E\" data-orig-src=\"https:\/\/www.teatrostabiletorino.it\/wp-content\/uploads\/2023\/03\/01_Agamennone-Linda-Gennari-Sax-Nicosia-ph-Federico-Pitto-150x150.jpg\" data-srcset=\"https:\/\/www.teatrostabiletorino.it\/wp-content\/uploads\/2023\/03\/01_Agamennone-Linda-Gennari-Sax-Nicosia-ph-Federico-Pitto-66x66.jpg 66w, https:\/\/www.teatrostabiletorino.it\/wp-content\/uploads\/2023\/03\/01_Agamennone-Linda-Gennari-Sax-Nicosia-ph-Federico-Pitto-150x150.jpg 150w\" data-sizes=\"auto\" \/><\/a>\n\t\t\t<\/dt>\n\t\t\t\t<dd class='wp-caption-text gallery-caption' id='gallery-1-55634'>\n\t\t\t\tAgamennone<br>ph Federico Pitto\n\t\t\t\t<\/dd><\/dl><br style=\"clear: both\" \/><dl class='gallery-item'>\n\t\t\t<dt class='gallery-icon landscape'>\n\t\t\t\t<a data-rel=\"iLightbox[postimages]\" data-title=\"02_Agamennone (Laura Marinoni) ph Federico Pitto\" data-caption=\"Agamennoneph Federico Pitto\" href='https:\/\/www.teatrostabiletorino.it\/wp-content\/uploads\/2023\/03\/02_Agamennone-Laura-Marinoni-ph-Federico-Pitto.jpg'><img decoding=\"async\" width=\"150\" height=\"150\" src=\"https:\/\/www.teatrostabiletorino.it\/wp-content\/uploads\/2023\/03\/02_Agamennone-Laura-Marinoni-ph-Federico-Pitto-150x150.jpg\" class=\"attachment-thumbnail size-thumbnail lazyload\" alt=\"\" aria-describedby=\"gallery-1-55635\" srcset=\"data:image\/svg+xml,%3Csvg%20xmlns%3D%27http%3A%2F%2Fwww.w3.org%2F2000%2Fsvg%27%20width%3D%272300%27%20height%3D%271535%27%20viewBox%3D%270%200%202300%201535%27%3E%3Crect%20width%3D%272300%27%20height%3D%271535%27%20fill-opacity%3D%220%22%2F%3E%3C%2Fsvg%3E\" data-orig-src=\"https:\/\/www.teatrostabiletorino.it\/wp-content\/uploads\/2023\/03\/02_Agamennone-Laura-Marinoni-ph-Federico-Pitto-150x150.jpg\" data-srcset=\"https:\/\/www.teatrostabiletorino.it\/wp-content\/uploads\/2023\/03\/02_Agamennone-Laura-Marinoni-ph-Federico-Pitto-66x66.jpg 66w, https:\/\/www.teatrostabiletorino.it\/wp-content\/uploads\/2023\/03\/02_Agamennone-Laura-Marinoni-ph-Federico-Pitto-150x150.jpg 150w\" data-sizes=\"auto\" \/><\/a>\n\t\t\t<\/dt>\n\t\t\t\t<dd class='wp-caption-text gallery-caption' id='gallery-1-55635'>\n\t\t\t\tAgamennone<br>ph Federico Pitto\n\t\t\t\t<\/dd><\/dl><dl class='gallery-item'>\n\t\t\t<dt class='gallery-icon landscape'>\n\t\t\t\t<a data-rel=\"iLightbox[postimages]\" data-title=\"03_Agamennone (Linda Gennari) ph Federico Pitto\" data-caption=\"Agamennoneph Federico Pitto\" href='https:\/\/www.teatrostabiletorino.it\/wp-content\/uploads\/2023\/03\/03_Agamennone-Linda-Gennari-ph-Federico-Pitto.jpg'><img decoding=\"async\" width=\"150\" height=\"150\" src=\"https:\/\/www.teatrostabiletorino.it\/wp-content\/uploads\/2023\/03\/03_Agamennone-Linda-Gennari-ph-Federico-Pitto-150x150.jpg\" class=\"attachment-thumbnail size-thumbnail lazyload\" alt=\"\" aria-describedby=\"gallery-1-55636\" srcset=\"data:image\/svg+xml,%3Csvg%20xmlns%3D%27http%3A%2F%2Fwww.w3.org%2F2000%2Fsvg%27%20width%3D%272300%27%20height%3D%271535%27%20viewBox%3D%270%200%202300%201535%27%3E%3Crect%20width%3D%272300%27%20height%3D%271535%27%20fill-opacity%3D%220%22%2F%3E%3C%2Fsvg%3E\" data-orig-src=\"https:\/\/www.teatrostabiletorino.it\/wp-content\/uploads\/2023\/03\/03_Agamennone-Linda-Gennari-ph-Federico-Pitto-150x150.jpg\" data-srcset=\"https:\/\/www.teatrostabiletorino.it\/wp-content\/uploads\/2023\/03\/03_Agamennone-Linda-Gennari-ph-Federico-Pitto-66x66.jpg 66w, https:\/\/www.teatrostabiletorino.it\/wp-content\/uploads\/2023\/03\/03_Agamennone-Linda-Gennari-ph-Federico-Pitto-150x150.jpg 150w\" data-sizes=\"auto\" \/><\/a>\n\t\t\t<\/dt>\n\t\t\t\t<dd class='wp-caption-text gallery-caption' id='gallery-1-55636'>\n\t\t\t\tAgamennone<br>ph Federico Pitto\n\t\t\t\t<\/dd><\/dl><dl class='gallery-item'>\n\t\t\t<dt class='gallery-icon landscape'>\n\t\t\t\t<a data-rel=\"iLightbox[postimages]\" data-title=\"04_Agamennone (Laura Marinoni, Sax Nicosia, Ludovica Iannetti, Linda Gennari) ph Federico Pitto\" data-caption=\"Agamennoneph Federico Pitto\" href='https:\/\/www.teatrostabiletorino.it\/wp-content\/uploads\/2023\/03\/04_Agamennone-Laura-Marinoni-Sax-Nicosia-Ludovica-Iannetti-Linda-Gennari-ph-Federico-Pitto.jpg'><img decoding=\"async\" width=\"150\" height=\"150\" src=\"https:\/\/www.teatrostabiletorino.it\/wp-content\/uploads\/2023\/03\/04_Agamennone-Laura-Marinoni-Sax-Nicosia-Ludovica-Iannetti-Linda-Gennari-ph-Federico-Pitto-150x150.jpg\" class=\"attachment-thumbnail size-thumbnail lazyload\" alt=\"\" aria-describedby=\"gallery-1-55637\" srcset=\"data:image\/svg+xml,%3Csvg%20xmlns%3D%27http%3A%2F%2Fwww.w3.org%2F2000%2Fsvg%27%20width%3D%272300%27%20height%3D%271535%27%20viewBox%3D%270%200%202300%201535%27%3E%3Crect%20width%3D%272300%27%20height%3D%271535%27%20fill-opacity%3D%220%22%2F%3E%3C%2Fsvg%3E\" data-orig-src=\"https:\/\/www.teatrostabiletorino.it\/wp-content\/uploads\/2023\/03\/04_Agamennone-Laura-Marinoni-Sax-Nicosia-Ludovica-Iannetti-Linda-Gennari-ph-Federico-Pitto-150x150.jpg\" data-srcset=\"https:\/\/www.teatrostabiletorino.it\/wp-content\/uploads\/2023\/03\/04_Agamennone-Laura-Marinoni-Sax-Nicosia-Ludovica-Iannetti-Linda-Gennari-ph-Federico-Pitto-66x66.jpg 66w, https:\/\/www.teatrostabiletorino.it\/wp-content\/uploads\/2023\/03\/04_Agamennone-Laura-Marinoni-Sax-Nicosia-Ludovica-Iannetti-Linda-Gennari-ph-Federico-Pitto-150x150.jpg 150w\" data-sizes=\"auto\" \/><\/a>\n\t\t\t<\/dt>\n\t\t\t\t<dd class='wp-caption-text gallery-caption' id='gallery-1-55637'>\n\t\t\t\tAgamennone<br>ph Federico Pitto\n\t\t\t\t<\/dd><\/dl><dl class='gallery-item'>\n\t\t\t<dt class='gallery-icon landscape'>\n\t\t\t\t<a data-rel=\"iLightbox[postimages]\" data-title=\"05_Agamennone 10_4096 ph Federico Pitto\" data-caption=\"Agamennoneph Federico Pitto\" href='https:\/\/www.teatrostabiletorino.it\/wp-content\/uploads\/2023\/03\/05_Agamennone-10_4096-ph-Federico-Pitto.jpg'><img decoding=\"async\" width=\"150\" height=\"150\" src=\"https:\/\/www.teatrostabiletorino.it\/wp-content\/uploads\/2023\/03\/05_Agamennone-10_4096-ph-Federico-Pitto-150x150.jpg\" class=\"attachment-thumbnail size-thumbnail lazyload\" alt=\"\" aria-describedby=\"gallery-1-55638\" srcset=\"data:image\/svg+xml,%3Csvg%20xmlns%3D%27http%3A%2F%2Fwww.w3.org%2F2000%2Fsvg%27%20width%3D%272300%27%20height%3D%271535%27%20viewBox%3D%270%200%202300%201535%27%3E%3Crect%20width%3D%272300%27%20height%3D%271535%27%20fill-opacity%3D%220%22%2F%3E%3C%2Fsvg%3E\" data-orig-src=\"https:\/\/www.teatrostabiletorino.it\/wp-content\/uploads\/2023\/03\/05_Agamennone-10_4096-ph-Federico-Pitto-150x150.jpg\" data-srcset=\"https:\/\/www.teatrostabiletorino.it\/wp-content\/uploads\/2023\/03\/05_Agamennone-10_4096-ph-Federico-Pitto-66x66.jpg 66w, https:\/\/www.teatrostabiletorino.it\/wp-content\/uploads\/2023\/03\/05_Agamennone-10_4096-ph-Federico-Pitto-150x150.jpg 150w\" data-sizes=\"auto\" \/><\/a>\n\t\t\t<\/dt>\n\t\t\t\t<dd class='wp-caption-text gallery-caption' id='gallery-1-55638'>\n\t\t\t\tAgamennone<br>ph Federico Pitto\n\t\t\t\t<\/dd><\/dl>\n\t\t\t<br style='clear: both' \/>\n\t\t<\/div>\n<\/p>","protected":false},"excerpt":{"rendered":"<p>Sorry, this entry is only available in Italiano.Marted\u00ec 28 marzo 2023, alle 19.30, debutter\u00e0 al <a href=\"https:\/\/www.teatrostabiletorino.it\/en\/al-teatro-carignano-vanno-in-scena-agamennone-e-coefore-eumenidi-i-due-spettacoli-che-compongono-la-trilogia-dellorestea-di-eschilo-firmata-da-davide-live\/\"> [+]<\/a><\/p>\n","protected":false},"author":2,"featured_media":55637,"comment_status":"closed","ping_status":"open","sticky":false,"template":"","format":"standard","meta":{"_acf_changed":false,"footnotes":""},"categories":[108],"tags":[],"acf":[],"_links":{"self":[{"href":"https:\/\/www.teatrostabiletorino.it\/en\/wp-json\/wp\/v2\/posts\/55623"}],"collection":[{"href":"https:\/\/www.teatrostabiletorino.it\/en\/wp-json\/wp\/v2\/posts"}],"about":[{"href":"https:\/\/www.teatrostabiletorino.it\/en\/wp-json\/wp\/v2\/types\/post"}],"author":[{"embeddable":true,"href":"https:\/\/www.teatrostabiletorino.it\/en\/wp-json\/wp\/v2\/users\/2"}],"replies":[{"embeddable":true,"href":"https:\/\/www.teatrostabiletorino.it\/en\/wp-json\/wp\/v2\/comments?post=55623"}],"version-history":[{"count":0,"href":"https:\/\/www.teatrostabiletorino.it\/en\/wp-json\/wp\/v2\/posts\/55623\/revisions"}],"wp:featuredmedia":[{"embeddable":true,"href":"https:\/\/www.teatrostabiletorino.it\/en\/wp-json\/wp\/v2\/media\/55637"}],"wp:attachment":[{"href":"https:\/\/www.teatrostabiletorino.it\/en\/wp-json\/wp\/v2\/media?parent=55623"}],"wp:term":[{"taxonomy":"category","embeddable":true,"href":"https:\/\/www.teatrostabiletorino.it\/en\/wp-json\/wp\/v2\/categories?post=55623"},{"taxonomy":"post_tag","embeddable":true,"href":"https:\/\/www.teatrostabiletorino.it\/en\/wp-json\/wp\/v2\/tags?post=55623"}],"curies":[{"name":"wp","href":"https:\/\/api.w.org\/{rel}","templated":true}]}}