{"id":58258,"date":"2023-12-28T12:40:19","date_gmt":"2023-12-28T11:40:19","guid":{"rendered":"https:\/\/www.teatrostabiletorino.it\/?p=58258"},"modified":"2023-12-28T12:40:19","modified_gmt":"2023-12-28T11:40:19","slug":"alle-fonderie-limone-di-moncalieri-va-in-scena-salveremo-il-mondo-prima-dellalba-uno-spettacolo-di-carrozzeria-orfeo-fonderie-limone-di-moncalieri-16-21-gennaio","status":"publish","type":"post","link":"https:\/\/www.teatrostabiletorino.it\/en\/alle-fonderie-limone-di-moncalieri-va-in-scena-salveremo-il-mondo-prima-dellalba-uno-spettacolo-di-carrozzeria-orfeo-fonderie-limone-di-moncalieri-16-21-gennaio\/","title":{"rendered":"ALLE FONDERIE LIMONE DI MONCALIERI VA IN SCENA  \u201cSALVEREMO IL MONDO PRIMA DELL\u2019ALBA\u201d UNO SPETTACOLO DI CARROZZERIA ORFEO <br> Fonderie Limone di Moncalieri, 16 \u2013 21 gennaio 2024"},"content":{"rendered":"<p class=\"qtranxs-available-languages-message qtranxs-available-languages-message-en\">Sorry, this entry is only available in <a href=\"https:\/\/www.teatrostabiletorino.it\/it\/wp-json\/wp\/v2\/posts\/58258\" class=\"qtranxs-available-language-link qtranxs-available-language-link-it\" title=\"Italiano\">Italiano<\/a>.<\/p><p>Marted\u00ec 16 gennaio 2024, alle ore 20.45, alle Fonderie Limone di Moncalieri <strong>Carrozzeria Orfeo<\/strong> proporr\u00e0 il suo nuovo spettacolo <strong><em>S<\/em><\/strong><strong><em>alveremo il mondo prima dell\u2019alba<\/em><\/strong>, con la drammaturgia di <strong>Gabriele Di Luca <\/strong>che curer\u00e0 anche la regia insieme a<strong> Massimiliano Setti <\/strong>e <strong>Alessandro Tedeschi<\/strong>. In scena (in ordine alfabetico)<strong> Sebastiano Bronzato<\/strong>, <strong>Alice Giroldini<\/strong>,<strong> Sergio Romano<\/strong>, <strong>Roberto Serpi<\/strong>,<strong> Massimiliano Setti<\/strong>, <strong>Ivan Zerbinati<\/strong>. Assistente alla regia <strong>Matteo Berardinelli<\/strong>, consulenza filosofica di<strong> Andrea Colamedici \u2013 TLON<\/strong>. Le musiche originali sono di <strong>Massimiliano Setti<\/strong>, la scenografia e le luci sono di <strong>Lucio Diana<\/strong>, i costumi di <strong>Stefania Cempini<\/strong>, le creazioni video di <strong>Igor Biddau<\/strong>. Con la partecipazione, in video, di <strong>Elsa Bossi<\/strong>, <strong>Sofia Ferrari<\/strong> e <strong>Nicoletta Ramorino<\/strong>. Lo spettacolo, una coproduzione di Marche Teatro, Teatro dell\u2019Elfo, Teatro Nazionale di Genova e Fondazione Teatro di Napoli \u2013 Teatro Bellini, in collaborazione con Centro di Residenza dell\u2019Emilia-Romagna \u201cL\u2019arboreto \u2013 Teatro Dimora | La Corte Ospitale\u201d, sar\u00e0 replicato per la Stagione in abbonamento del Teatro Stabile di Torino fino a domenica 21 gennaio.<\/p>\n<p>Dopo aver esplorato in diversi spettacoli il mondo degli ultimi, dei reietti, degli esclusi e dei perdenti, in questa nuova produzione Carrozzeria Orfeo indaga il mondo del benessere e dell\u2019apparente successo, attraverso il racconto dei primi, dei vincenti, della classe dirigente, dei ricchi, paradossalmente, per\u00f2, imprigionati nello stesso vortice di responsabilit\u00e0 asfissianti, doveri castranti, sensi di colpa e infelicit\u00e0 che appartengono a tutti e, quindi, frantumati da tutto ci\u00f2 che la mentalit\u00e0 capitalista non pu\u00f2 comprare: l&#8217;amore per se stessi, la purezza dei sentimenti, gli affetti sinceri, la ricerca di un senso autentico nell\u2019esistenza.<\/p>\n<p><a href=\"http:\/\/www.teatrostabiletorino.it\/wp-content\/uploads\/2023\/12\/01_CS_Salveremo-il-mondo-prima-dellalba.pdf\" target=\"_blank\" rel=\"noopener noreferrer\">CS_Salveremo il mondo prima dell&#8217;alba<\/a><\/p>\n<p>\n\t\t<style type=\"text\/css\">\n\t\t\t#gallery-1 {\n\t\t\t\tmargin: auto;\n\t\t\t}\n\t\t\t#gallery-1 .gallery-item {\n\t\t\t\tfloat: left;\n\t\t\t\tmargin-top: 10px;\n\t\t\t\ttext-align: center;\n\t\t\t\twidth: 20%;\n\t\t\t}\n\t\t\t#gallery-1 img {\n\t\t\t\tborder: 2px solid #cfcfcf;\n\t\t\t}\n\t\t\t#gallery-1 .gallery-caption {\n\t\t\t\tmargin-left: 0;\n\t\t\t}\n\t\t\t\/* see gallery_shortcode() in wp-includes\/media.php *\/\n\t\t<\/style>\n\t\t<div id='gallery-1' class='gallery galleryid-58258 gallery-columns-5 gallery-size-thumbnail'><dl class='gallery-item'>\n\t\t\t<dt class='gallery-icon landscape'>\n\t\t\t\t<a data-rel=\"iLightbox[postimages]\" data-title=\"01_Salveremo_il_mondo_prima_dell_alba-ph Manuela Giusto_95\" data-caption=\"Salveremo il mondo prima dell&#039;alba  ph Manuela Giusto\" href='https:\/\/www.teatrostabiletorino.it\/wp-content\/uploads\/2023\/12\/01_Salveremo_il_mondo_prima_dell_alba-ph-Manuela-Giusto_95.jpg'><img decoding=\"async\" width=\"150\" height=\"150\" src=\"https:\/\/www.teatrostabiletorino.it\/wp-content\/uploads\/2023\/12\/01_Salveremo_il_mondo_prima_dell_alba-ph-Manuela-Giusto_95-150x150.jpg\" class=\"attachment-thumbnail size-thumbnail lazyload\" alt=\"\" aria-describedby=\"gallery-1-58260\" srcset=\"data:image\/svg+xml,%3Csvg%20xmlns%3D%27http%3A%2F%2Fwww.w3.org%2F2000%2Fsvg%27%20width%3D%272126%27%20height%3D%271447%27%20viewBox%3D%270%200%202126%201447%27%3E%3Crect%20width%3D%272126%27%20height%3D%271447%27%20fill-opacity%3D%220%22%2F%3E%3C%2Fsvg%3E\" data-orig-src=\"https:\/\/www.teatrostabiletorino.it\/wp-content\/uploads\/2023\/12\/01_Salveremo_il_mondo_prima_dell_alba-ph-Manuela-Giusto_95-150x150.jpg\" data-srcset=\"https:\/\/www.teatrostabiletorino.it\/wp-content\/uploads\/2023\/12\/01_Salveremo_il_mondo_prima_dell_alba-ph-Manuela-Giusto_95-66x66.jpg 66w, https:\/\/www.teatrostabiletorino.it\/wp-content\/uploads\/2023\/12\/01_Salveremo_il_mondo_prima_dell_alba-ph-Manuela-Giusto_95-150x150.jpg 150w\" data-sizes=\"auto\" \/><\/a>\n\t\t\t<\/dt>\n\t\t\t\t<dd class='wp-caption-text gallery-caption' id='gallery-1-58260'>\n\t\t\t\tSalveremo il mondo prima dell&#8217;alba <br> ph Manuela Giusto\n\t\t\t\t<\/dd><\/dl><dl class='gallery-item'>\n\t\t\t<dt class='gallery-icon landscape'>\n\t\t\t\t<a data-rel=\"iLightbox[postimages]\" data-title=\"02_Salveremo_il_mondo_prima_dell_alba-ph Manuela Giusto_43\" data-caption=\"Salveremo il mondo prima dell&#039;alba  ph Manuela Giusto\" href='https:\/\/www.teatrostabiletorino.it\/wp-content\/uploads\/2023\/12\/02_Salveremo_il_mondo_prima_dell_alba-ph-Manuela-Giusto_43.jpg'><img decoding=\"async\" width=\"150\" height=\"150\" src=\"https:\/\/www.teatrostabiletorino.it\/wp-content\/uploads\/2023\/12\/02_Salveremo_il_mondo_prima_dell_alba-ph-Manuela-Giusto_43-150x150.jpg\" class=\"attachment-thumbnail size-thumbnail lazyload\" alt=\"\" aria-describedby=\"gallery-1-58261\" srcset=\"data:image\/svg+xml,%3Csvg%20xmlns%3D%27http%3A%2F%2Fwww.w3.org%2F2000%2Fsvg%27%20width%3D%272126%27%20height%3D%271425%27%20viewBox%3D%270%200%202126%201425%27%3E%3Crect%20width%3D%272126%27%20height%3D%271425%27%20fill-opacity%3D%220%22%2F%3E%3C%2Fsvg%3E\" data-orig-src=\"https:\/\/www.teatrostabiletorino.it\/wp-content\/uploads\/2023\/12\/02_Salveremo_il_mondo_prima_dell_alba-ph-Manuela-Giusto_43-150x150.jpg\" data-srcset=\"https:\/\/www.teatrostabiletorino.it\/wp-content\/uploads\/2023\/12\/02_Salveremo_il_mondo_prima_dell_alba-ph-Manuela-Giusto_43-66x66.jpg 66w, https:\/\/www.teatrostabiletorino.it\/wp-content\/uploads\/2023\/12\/02_Salveremo_il_mondo_prima_dell_alba-ph-Manuela-Giusto_43-150x150.jpg 150w\" data-sizes=\"auto\" \/><\/a>\n\t\t\t<\/dt>\n\t\t\t\t<dd class='wp-caption-text gallery-caption' id='gallery-1-58261'>\n\t\t\t\tSalveremo il mondo prima dell&#8217;alba <br> ph Manuela Giusto\n\t\t\t\t<\/dd><\/dl><dl class='gallery-item'>\n\t\t\t<dt class='gallery-icon landscape'>\n\t\t\t\t<a data-rel=\"iLightbox[postimages]\" data-title=\"03_Salveremo_il_mondo_prima_dell_alba-ph Manuela Giusto_133\" data-caption=\"Salveremo il mondo prima dell&#039;alba  ph Manuela Giusto\" href='https:\/\/www.teatrostabiletorino.it\/wp-content\/uploads\/2023\/12\/03_Salveremo_il_mondo_prima_dell_alba-ph-Manuela-Giusto_133-scaled.jpg'><img decoding=\"async\" width=\"150\" height=\"150\" src=\"https:\/\/www.teatrostabiletorino.it\/wp-content\/uploads\/2023\/12\/03_Salveremo_il_mondo_prima_dell_alba-ph-Manuela-Giusto_133-150x150.jpg\" class=\"attachment-thumbnail size-thumbnail lazyload\" alt=\"\" aria-describedby=\"gallery-1-58262\" srcset=\"data:image\/svg+xml,%3Csvg%20xmlns%3D%27http%3A%2F%2Fwww.w3.org%2F2000%2Fsvg%27%20width%3D%272560%27%20height%3D%271119%27%20viewBox%3D%270%200%202560%201119%27%3E%3Crect%20width%3D%272560%27%20height%3D%271119%27%20fill-opacity%3D%220%22%2F%3E%3C%2Fsvg%3E\" data-orig-src=\"https:\/\/www.teatrostabiletorino.it\/wp-content\/uploads\/2023\/12\/03_Salveremo_il_mondo_prima_dell_alba-ph-Manuela-Giusto_133-150x150.jpg\" data-srcset=\"https:\/\/www.teatrostabiletorino.it\/wp-content\/uploads\/2023\/12\/03_Salveremo_il_mondo_prima_dell_alba-ph-Manuela-Giusto_133-66x66.jpg 66w, https:\/\/www.teatrostabiletorino.it\/wp-content\/uploads\/2023\/12\/03_Salveremo_il_mondo_prima_dell_alba-ph-Manuela-Giusto_133-150x150.jpg 150w\" data-sizes=\"auto\" \/><\/a>\n\t\t\t<\/dt>\n\t\t\t\t<dd class='wp-caption-text gallery-caption' id='gallery-1-58262'>\n\t\t\t\tSalveremo il mondo prima dell&#8217;alba <br> ph Manuela Giusto\n\t\t\t\t<\/dd><\/dl><dl class='gallery-item'>\n\t\t\t<dt class='gallery-icon landscape'>\n\t\t\t\t<a data-rel=\"iLightbox[postimages]\" data-title=\"04_Salveremo_il_mondo_prima_dell_alba-ph Manuela Giusto_246\" data-caption=\"Salveremo il mondo prima dell&#039;alba  ph Manuela Giusto\" href='https:\/\/www.teatrostabiletorino.it\/wp-content\/uploads\/2023\/12\/04_Salveremo_il_mondo_prima_dell_alba-ph-Manuela-Giusto_246.jpg'><img decoding=\"async\" width=\"150\" height=\"150\" src=\"https:\/\/www.teatrostabiletorino.it\/wp-content\/uploads\/2023\/12\/04_Salveremo_il_mondo_prima_dell_alba-ph-Manuela-Giusto_246-150x150.jpg\" class=\"attachment-thumbnail size-thumbnail lazyload\" alt=\"\" aria-describedby=\"gallery-1-58263\" srcset=\"data:image\/svg+xml,%3Csvg%20xmlns%3D%27http%3A%2F%2Fwww.w3.org%2F2000%2Fsvg%27%20width%3D%272126%27%20height%3D%271417%27%20viewBox%3D%270%200%202126%201417%27%3E%3Crect%20width%3D%272126%27%20height%3D%271417%27%20fill-opacity%3D%220%22%2F%3E%3C%2Fsvg%3E\" data-orig-src=\"https:\/\/www.teatrostabiletorino.it\/wp-content\/uploads\/2023\/12\/04_Salveremo_il_mondo_prima_dell_alba-ph-Manuela-Giusto_246-150x150.jpg\" data-srcset=\"https:\/\/www.teatrostabiletorino.it\/wp-content\/uploads\/2023\/12\/04_Salveremo_il_mondo_prima_dell_alba-ph-Manuela-Giusto_246-66x66.jpg 66w, https:\/\/www.teatrostabiletorino.it\/wp-content\/uploads\/2023\/12\/04_Salveremo_il_mondo_prima_dell_alba-ph-Manuela-Giusto_246-150x150.jpg 150w\" data-sizes=\"auto\" \/><\/a>\n\t\t\t<\/dt>\n\t\t\t\t<dd class='wp-caption-text gallery-caption' id='gallery-1-58263'>\n\t\t\t\tSalveremo il mondo prima dell&#8217;alba <br> ph Manuela Giusto\n\t\t\t\t<\/dd><\/dl><dl class='gallery-item'>\n\t\t\t<dt class='gallery-icon portrait'>\n\t\t\t\t<a data-rel=\"iLightbox[postimages]\" data-title=\"05_Salveremo_il_mondo_prima_dell_alba-ph Manuela Giusto_237\" data-caption=\"Salveremo il mondo prima dell&#039;alba  ph Manuela Giusto\" href='https:\/\/www.teatrostabiletorino.it\/wp-content\/uploads\/2023\/12\/05_Salveremo_il_mondo_prima_dell_alba-ph-Manuela-Giusto_237.jpg'><img decoding=\"async\" width=\"150\" height=\"150\" src=\"https:\/\/www.teatrostabiletorino.it\/wp-content\/uploads\/2023\/12\/05_Salveremo_il_mondo_prima_dell_alba-ph-Manuela-Giusto_237-150x150.jpg\" class=\"attachment-thumbnail size-thumbnail lazyload\" alt=\"\" aria-describedby=\"gallery-1-58264\" srcset=\"data:image\/svg+xml,%3Csvg%20xmlns%3D%27http%3A%2F%2Fwww.w3.org%2F2000%2Fsvg%27%20width%3D%271417%27%20height%3D%272126%27%20viewBox%3D%270%200%201417%202126%27%3E%3Crect%20width%3D%271417%27%20height%3D%272126%27%20fill-opacity%3D%220%22%2F%3E%3C%2Fsvg%3E\" data-orig-src=\"https:\/\/www.teatrostabiletorino.it\/wp-content\/uploads\/2023\/12\/05_Salveremo_il_mondo_prima_dell_alba-ph-Manuela-Giusto_237-150x150.jpg\" data-srcset=\"https:\/\/www.teatrostabiletorino.it\/wp-content\/uploads\/2023\/12\/05_Salveremo_il_mondo_prima_dell_alba-ph-Manuela-Giusto_237-66x66.jpg 66w, https:\/\/www.teatrostabiletorino.it\/wp-content\/uploads\/2023\/12\/05_Salveremo_il_mondo_prima_dell_alba-ph-Manuela-Giusto_237-150x150.jpg 150w\" data-sizes=\"auto\" \/><\/a>\n\t\t\t<\/dt>\n\t\t\t\t<dd class='wp-caption-text gallery-caption' id='gallery-1-58264'>\n\t\t\t\tSalveremo il mondo prima dell&#8217;alba <br> ph Manuela Giusto\n\t\t\t\t<\/dd><\/dl><br style=\"clear: both\" \/>\n\t\t<\/div>\n<\/p>","protected":false},"excerpt":{"rendered":"<p>Sorry, this entry is only available in Italiano.Marted\u00ec 16 gennaio 2024, alle ore 20.45, alle <a href=\"https:\/\/www.teatrostabiletorino.it\/en\/alle-fonderie-limone-di-moncalieri-va-in-scena-salveremo-il-mondo-prima-dellalba-uno-spettacolo-di-carrozzeria-orfeo-fonderie-limone-di-moncalieri-16-21-gennaio\/\"> [+]<\/a><\/p>\n","protected":false},"author":2,"featured_media":58260,"comment_status":"closed","ping_status":"open","sticky":false,"template":"","format":"standard","meta":{"_acf_changed":false,"footnotes":""},"categories":[171],"tags":[],"acf":[],"_links":{"self":[{"href":"https:\/\/www.teatrostabiletorino.it\/en\/wp-json\/wp\/v2\/posts\/58258"}],"collection":[{"href":"https:\/\/www.teatrostabiletorino.it\/en\/wp-json\/wp\/v2\/posts"}],"about":[{"href":"https:\/\/www.teatrostabiletorino.it\/en\/wp-json\/wp\/v2\/types\/post"}],"author":[{"embeddable":true,"href":"https:\/\/www.teatrostabiletorino.it\/en\/wp-json\/wp\/v2\/users\/2"}],"replies":[{"embeddable":true,"href":"https:\/\/www.teatrostabiletorino.it\/en\/wp-json\/wp\/v2\/comments?post=58258"}],"version-history":[{"count":0,"href":"https:\/\/www.teatrostabiletorino.it\/en\/wp-json\/wp\/v2\/posts\/58258\/revisions"}],"wp:featuredmedia":[{"embeddable":true,"href":"https:\/\/www.teatrostabiletorino.it\/en\/wp-json\/wp\/v2\/media\/58260"}],"wp:attachment":[{"href":"https:\/\/www.teatrostabiletorino.it\/en\/wp-json\/wp\/v2\/media?parent=58258"}],"wp:term":[{"taxonomy":"category","embeddable":true,"href":"https:\/\/www.teatrostabiletorino.it\/en\/wp-json\/wp\/v2\/categories?post=58258"},{"taxonomy":"post_tag","embeddable":true,"href":"https:\/\/www.teatrostabiletorino.it\/en\/wp-json\/wp\/v2\/tags?post=58258"}],"curies":[{"name":"wp","href":"https:\/\/api.w.org\/{rel}","templated":true}]}}