{"id":58627,"date":"2024-02-08T17:43:42","date_gmt":"2024-02-08T16:43:42","guid":{"rendered":"https:\/\/www.teatrostabiletorino.it\/?p=58627"},"modified":"2024-02-08T17:43:42","modified_gmt":"2024-02-08T16:43:42","slug":"va-in-scena-al-teatro-carignano-otello-di-william-shakespeare-per-la-regia-di-kriszta-szekely-teatro-carignano-22-25-febbraio-2024-prima-nazionale","status":"publish","type":"post","link":"https:\/\/www.teatrostabiletorino.it\/en\/va-in-scena-al-teatro-carignano-otello-di-william-shakespeare-per-la-regia-di-kriszta-szekely-teatro-carignano-22-25-febbraio-2024-prima-nazionale\/","title":{"rendered":"VA IN SCENA AL TEATRO CARIGNANO  OTELLO DI WILLIAM SHAKESPEARE  PER LA REGIA DI KRISZTA SZ\u00c9KELY <br> Teatro Carignano, 22 \u2013 25 febbraio 2024 | Prima nazionale"},"content":{"rendered":"<p class=\"qtranxs-available-languages-message qtranxs-available-languages-message-en\">Sorry, this entry is only available in <a href=\"https:\/\/www.teatrostabiletorino.it\/it\/wp-json\/wp\/v2\/posts\/58627\" class=\"qtranxs-available-language-link qtranxs-available-language-link-it\" title=\"Italiano\">Italiano<\/a>.<\/p><p>Gioved\u00ec 22 febbraio 2024, alle ore 19.30, al Teatro Carignano, debutta in prima nazionale <strong><em>Otello<\/em> <\/strong>di <strong>William Shakespeare<\/strong>, per la drammaturgia di<strong> \u00c1rmin Szab\u00f3-Sz\u00e9kely<\/strong>, diretto dalla regista ungherese <strong>Kriszta Sz\u00e9kely<\/strong>, artista associata del Teatro Stabile di Torino, che ha firmato nella scorsa stagione <em>Riccardo III<\/em> con l\u2019interpretazione di Paolo Pierobon. Saranno in scena gli interpreti<strong> Barna B\u00e1nyai Kelemen<\/strong>,<strong> Vivien Rujder<\/strong>,<strong> Lehel Kov\u00e1cs<\/strong>,<strong> Alexandra Borb\u00e9ly<\/strong>,<strong> D\u00e1vid Vizi<\/strong>, <strong>Ferenc Elek<\/strong>,<strong> P\u00e9ter Tak\u00e1tsy<\/strong>,<strong> Vilmos Vajdai<\/strong>,<strong> Benj\u00e1min Lengyel<\/strong>,<strong> Kata Kany\u00f3<\/strong>. Le scene sono di<strong> Nelli Pall\u00f3s<\/strong>, i costumi di<strong> Juli Szl\u00e1vik<\/strong>, le musiche di<strong> Fl\u00f3ra Lili Matisz<\/strong>. Lo spettacolo, prodotto dal Katona J\u00f3zsef Sz\u00ednh\u00e1z e dal Teatro Stabile di Torino \u2013 Teatro Nazionale, rester\u00e0 in scena per la stagione in abbonamento dello Stabile fino a domenica 25 febbraio 2024.<\/p>\n<p><em>Lo spettacolo \u00e8 in lingua ungherese con soprattitoli in italiano<\/em><\/p>\n<p><a href=\"http:\/\/www.teatrostabiletorino.it\/wp-content\/uploads\/2024\/02\/01_CS_Otello.pdf\" target=\"_blank\" rel=\"noopener noreferrer\">CS_Otello<\/a><\/p>\n<p>&nbsp;<\/p>\n\n\t\t<style type=\"text\/css\">\n\t\t\t#gallery-1 {\n\t\t\t\tmargin: auto;\n\t\t\t}\n\t\t\t#gallery-1 .gallery-item {\n\t\t\t\tfloat: left;\n\t\t\t\tmargin-top: 10px;\n\t\t\t\ttext-align: center;\n\t\t\t\twidth: 20%;\n\t\t\t}\n\t\t\t#gallery-1 img {\n\t\t\t\tborder: 2px solid #cfcfcf;\n\t\t\t}\n\t\t\t#gallery-1 .gallery-caption {\n\t\t\t\tmargin-left: 0;\n\t\t\t}\n\t\t\t\/* see gallery_shortcode() in wp-includes\/media.php *\/\n\t\t<\/style>\n\t\t<div id='gallery-1' class='gallery galleryid-58627 gallery-columns-5 gallery-size-thumbnail'><dl class='gallery-item'>\n\t\t\t<dt class='gallery-icon landscape'>\n\t\t\t\t<a data-rel=\"iLightbox[postimages]\" data-title=\"01_Otello_ph Horvath Judit_0587\" data-caption=\"Otello  ph Horvath Judit\" href='https:\/\/www.teatrostabiletorino.it\/wp-content\/uploads\/2024\/02\/01_Otello_ph-Horvath-Judit_0587-scaled.jpg'><img decoding=\"async\" width=\"150\" height=\"150\" src=\"https:\/\/www.teatrostabiletorino.it\/wp-content\/uploads\/2024\/02\/01_Otello_ph-Horvath-Judit_0587-150x150.jpg\" class=\"attachment-thumbnail size-thumbnail lazyload\" alt=\"\" aria-describedby=\"gallery-1-58634\" srcset=\"data:image\/svg+xml,%3Csvg%20xmlns%3D%27http%3A%2F%2Fwww.w3.org%2F2000%2Fsvg%27%20width%3D%272560%27%20height%3D%27911%27%20viewBox%3D%270%200%202560%20911%27%3E%3Crect%20width%3D%272560%27%20height%3D%27911%27%20fill-opacity%3D%220%22%2F%3E%3C%2Fsvg%3E\" data-orig-src=\"https:\/\/www.teatrostabiletorino.it\/wp-content\/uploads\/2024\/02\/01_Otello_ph-Horvath-Judit_0587-150x150.jpg\" data-srcset=\"https:\/\/www.teatrostabiletorino.it\/wp-content\/uploads\/2024\/02\/01_Otello_ph-Horvath-Judit_0587-66x66.jpg 66w, https:\/\/www.teatrostabiletorino.it\/wp-content\/uploads\/2024\/02\/01_Otello_ph-Horvath-Judit_0587-150x150.jpg 150w\" data-sizes=\"auto\" \/><\/a>\n\t\t\t<\/dt>\n\t\t\t\t<dd class='wp-caption-text gallery-caption' id='gallery-1-58634'>\n\t\t\t\tOtello <br> ph Horvath Judit\n\t\t\t\t<\/dd><\/dl><dl class='gallery-item'>\n\t\t\t<dt class='gallery-icon portrait'>\n\t\t\t\t<a data-rel=\"iLightbox[postimages]\" data-title=\"02_Otello_ph Horvath Judit_0625\" data-caption=\"Otello  ph Horvath Judit\" href='https:\/\/www.teatrostabiletorino.it\/wp-content\/uploads\/2024\/02\/02_Otello_ph-Horvath-Judit_0625-scaled.jpg'><img decoding=\"async\" width=\"150\" height=\"150\" src=\"https:\/\/www.teatrostabiletorino.it\/wp-content\/uploads\/2024\/02\/02_Otello_ph-Horvath-Judit_0625-150x150.jpg\" class=\"attachment-thumbnail size-thumbnail lazyload\" alt=\"\" aria-describedby=\"gallery-1-58635\" srcset=\"data:image\/svg+xml,%3Csvg%20xmlns%3D%27http%3A%2F%2Fwww.w3.org%2F2000%2Fsvg%27%20width%3D%271658%27%20height%3D%272560%27%20viewBox%3D%270%200%201658%202560%27%3E%3Crect%20width%3D%271658%27%20height%3D%272560%27%20fill-opacity%3D%220%22%2F%3E%3C%2Fsvg%3E\" data-orig-src=\"https:\/\/www.teatrostabiletorino.it\/wp-content\/uploads\/2024\/02\/02_Otello_ph-Horvath-Judit_0625-150x150.jpg\" data-srcset=\"https:\/\/www.teatrostabiletorino.it\/wp-content\/uploads\/2024\/02\/02_Otello_ph-Horvath-Judit_0625-66x66.jpg 66w, https:\/\/www.teatrostabiletorino.it\/wp-content\/uploads\/2024\/02\/02_Otello_ph-Horvath-Judit_0625-150x150.jpg 150w\" data-sizes=\"auto\" \/><\/a>\n\t\t\t<\/dt>\n\t\t\t\t<dd class='wp-caption-text gallery-caption' id='gallery-1-58635'>\n\t\t\t\tOtello <br> ph Horvath Judit\n\t\t\t\t<\/dd><\/dl><dl class='gallery-item'>\n\t\t\t<dt class='gallery-icon landscape'>\n\t\t\t\t<a data-rel=\"iLightbox[postimages]\" data-title=\"03_Otello_ph Horvath Judit_0619\" data-caption=\"Otello  ph Horvath Judit\" href='https:\/\/www.teatrostabiletorino.it\/wp-content\/uploads\/2024\/02\/03_Otello_ph-Horvath-Judit_0619.jpg'><img decoding=\"async\" width=\"150\" height=\"150\" src=\"https:\/\/www.teatrostabiletorino.it\/wp-content\/uploads\/2024\/02\/03_Otello_ph-Horvath-Judit_0619-150x150.jpg\" class=\"attachment-thumbnail size-thumbnail lazyload\" alt=\"\" aria-describedby=\"gallery-1-58636\" srcset=\"data:image\/svg+xml,%3Csvg%20xmlns%3D%27http%3A%2F%2Fwww.w3.org%2F2000%2Fsvg%27%20width%3D%271417%27%20height%3D%27869%27%20viewBox%3D%270%200%201417%20869%27%3E%3Crect%20width%3D%271417%27%20height%3D%27869%27%20fill-opacity%3D%220%22%2F%3E%3C%2Fsvg%3E\" data-orig-src=\"https:\/\/www.teatrostabiletorino.it\/wp-content\/uploads\/2024\/02\/03_Otello_ph-Horvath-Judit_0619-150x150.jpg\" data-srcset=\"https:\/\/www.teatrostabiletorino.it\/wp-content\/uploads\/2024\/02\/03_Otello_ph-Horvath-Judit_0619-66x66.jpg 66w, https:\/\/www.teatrostabiletorino.it\/wp-content\/uploads\/2024\/02\/03_Otello_ph-Horvath-Judit_0619-150x150.jpg 150w\" data-sizes=\"auto\" \/><\/a>\n\t\t\t<\/dt>\n\t\t\t\t<dd class='wp-caption-text gallery-caption' id='gallery-1-58636'>\n\t\t\t\tOtello <br> ph Horvath Judit\n\t\t\t\t<\/dd><\/dl><dl class='gallery-item'>\n\t\t\t<dt class='gallery-icon portrait'>\n\t\t\t\t<a data-rel=\"iLightbox[postimages]\" data-title=\"04_Otello_ph Horvath Judit_0654\" data-caption=\"Otello  ph Horvath Judit\" href='https:\/\/www.teatrostabiletorino.it\/wp-content\/uploads\/2024\/02\/04_Otello_ph-Horvath-Judit_0654.jpg'><img decoding=\"async\" width=\"150\" height=\"150\" src=\"https:\/\/www.teatrostabiletorino.it\/wp-content\/uploads\/2024\/02\/04_Otello_ph-Horvath-Judit_0654-150x150.jpg\" class=\"attachment-thumbnail size-thumbnail lazyload\" alt=\"\" aria-describedby=\"gallery-1-58637\" srcset=\"data:image\/svg+xml,%3Csvg%20xmlns%3D%27http%3A%2F%2Fwww.w3.org%2F2000%2Fsvg%27%20width%3D%271007%27%20height%3D%271417%27%20viewBox%3D%270%200%201007%201417%27%3E%3Crect%20width%3D%271007%27%20height%3D%271417%27%20fill-opacity%3D%220%22%2F%3E%3C%2Fsvg%3E\" data-orig-src=\"https:\/\/www.teatrostabiletorino.it\/wp-content\/uploads\/2024\/02\/04_Otello_ph-Horvath-Judit_0654-150x150.jpg\" data-srcset=\"https:\/\/www.teatrostabiletorino.it\/wp-content\/uploads\/2024\/02\/04_Otello_ph-Horvath-Judit_0654-66x66.jpg 66w, https:\/\/www.teatrostabiletorino.it\/wp-content\/uploads\/2024\/02\/04_Otello_ph-Horvath-Judit_0654-150x150.jpg 150w\" data-sizes=\"auto\" \/><\/a>\n\t\t\t<\/dt>\n\t\t\t\t<dd class='wp-caption-text gallery-caption' id='gallery-1-58637'>\n\t\t\t\tOtello <br> ph Horvath Judit\n\t\t\t\t<\/dd><\/dl>\n\t\t\t<br style='clear: both' \/>\n\t\t<\/div>\n\n<p>&nbsp;<\/p>","protected":false},"excerpt":{"rendered":"<p>Sorry, this entry is only available in Italiano.Gioved\u00ec 22 febbraio 2024, alle ore 19.30, al <a href=\"https:\/\/www.teatrostabiletorino.it\/en\/va-in-scena-al-teatro-carignano-otello-di-william-shakespeare-per-la-regia-di-kriszta-szekely-teatro-carignano-22-25-febbraio-2024-prima-nazionale\/\"> [+]<\/a><\/p>\n","protected":false},"author":2,"featured_media":58636,"comment_status":"closed","ping_status":"open","sticky":false,"template":"","format":"standard","meta":{"_acf_changed":false,"footnotes":""},"categories":[171],"tags":[],"acf":[],"_links":{"self":[{"href":"https:\/\/www.teatrostabiletorino.it\/en\/wp-json\/wp\/v2\/posts\/58627"}],"collection":[{"href":"https:\/\/www.teatrostabiletorino.it\/en\/wp-json\/wp\/v2\/posts"}],"about":[{"href":"https:\/\/www.teatrostabiletorino.it\/en\/wp-json\/wp\/v2\/types\/post"}],"author":[{"embeddable":true,"href":"https:\/\/www.teatrostabiletorino.it\/en\/wp-json\/wp\/v2\/users\/2"}],"replies":[{"embeddable":true,"href":"https:\/\/www.teatrostabiletorino.it\/en\/wp-json\/wp\/v2\/comments?post=58627"}],"version-history":[{"count":0,"href":"https:\/\/www.teatrostabiletorino.it\/en\/wp-json\/wp\/v2\/posts\/58627\/revisions"}],"wp:featuredmedia":[{"embeddable":true,"href":"https:\/\/www.teatrostabiletorino.it\/en\/wp-json\/wp\/v2\/media\/58636"}],"wp:attachment":[{"href":"https:\/\/www.teatrostabiletorino.it\/en\/wp-json\/wp\/v2\/media?parent=58627"}],"wp:term":[{"taxonomy":"category","embeddable":true,"href":"https:\/\/www.teatrostabiletorino.it\/en\/wp-json\/wp\/v2\/categories?post=58627"},{"taxonomy":"post_tag","embeddable":true,"href":"https:\/\/www.teatrostabiletorino.it\/en\/wp-json\/wp\/v2\/tags?post=58627"}],"curies":[{"name":"wp","href":"https:\/\/api.w.org\/{rel}","templated":true}]}}