{"id":58873,"date":"2024-03-15T11:40:43","date_gmt":"2024-03-15T10:40:43","guid":{"rendered":"https:\/\/www.teatrostabiletorino.it\/?p=58873"},"modified":"2024-04-08T18:04:23","modified_gmt":"2024-04-08T16:04:23","slug":"debutta-in-prima-nazionale-la-vita-che-ti-diedi-di-luigi-pirandello-nuova-produzione-dello-stabile-di-torino-per-la-regia-di-stephane-braunschweig-teatro-carignano-dal-9-al-28-apri","status":"publish","type":"post","link":"https:\/\/www.teatrostabiletorino.it\/en\/debutta-in-prima-nazionale-la-vita-che-ti-diedi-di-luigi-pirandello-nuova-produzione-dello-stabile-di-torino-per-la-regia-di-stephane-braunschweig-teatro-carignano-dal-9-al-28-apri\/","title":{"rendered":"DEBUTTA IN PRIMA NAZIONALE \u201cLA VITA CHE TI DIEDI\u201d DI LUIGI PIRANDELLO NUOVA PRODUZIONE DELLO STABILE DI TORINO PER LA REGIA DI ST\u00c9PHANE BRAUNSCHWEIG <br> Teatro Carignano, dal 9 al 28 aprile 2024"},"content":{"rendered":"<p class=\"qtranxs-available-languages-message qtranxs-available-languages-message-en\">Sorry, this entry is only available in <a href=\"https:\/\/www.teatrostabiletorino.it\/it\/wp-json\/wp\/v2\/posts\/58873\" class=\"qtranxs-available-language-link qtranxs-available-language-link-it\" title=\"Italiano\">Italiano<\/a>.<\/p><p><strong>St\u00e9phane Braunschweig<\/strong>, tra i principali registi della scena teatrale contemporanea e direttore artistico dell\u2019Od\u00e9on \u2013 Th\u00e9\u00e2tre de l\u2019Europe di Parigi, approfondisce il legame con la scrittura di <strong>Luigi Pirandello<\/strong>: dopo i successi internazionali di <em>Sei personaggi in cerca d\u2019autore<\/em>, <em>I giganti della montagna,<\/em> <em>Vestire gli ignudi<\/em> e <em>Come tu mi vuoi<\/em> (gli ultimi due presentati nel cartellone del TST nel 2007 e nel 2022) <strong>dirige per il Teatro Stabile di Torino <em>La vita che ti diedi<\/em><\/strong>. Scritta nel 1923, \u00e8 la tragedia pi\u00f9 struggente del grande drammaturgo siciliano sul tema della maternit\u00e0 e del lutto. L\u2019opera concepita da Pirandello per Eleonora Duse non venne mai recitata dall\u2019attrice. Il testo venne rappresentato per la prima volta al Teatro Quirino di Roma il 12 ottobre 1923 da Alda Borelli.<\/p>\n<p><em>La vita che ti diedi<\/em>, per la regia e le scene di <strong>St\u00e9phane Braunschweig<\/strong>, con <strong>Daria Deflorian<\/strong>,<strong> Federica Fracassi<\/strong>,<strong> Cecilia Bertozzi<\/strong>,<strong> Fulvio Pepe, Enrica Origo<\/strong>, <strong>Caterina Tieghi, Fabrizio Costella<\/strong>, andr\u00e0 in scena in <strong>prima nazionale<\/strong> al <strong>Teatro Carignano<\/strong> <strong>marted\u00ec 9 aprile 2024<\/strong>, alle <strong>ore 19.30<\/strong>. Le scene dello spettacolo sono di <strong>St\u00e9phane Braunschweig<\/strong> in collaborazione con <strong>Lisetta Buccellato<\/strong>, i costumi di <strong>Lisetta Buccellato<\/strong>, le luci di <strong>Marion Hewlett<\/strong>, il suono di <strong>Filippo Conti<\/strong>, assistente alla regia <strong>Giulia Odetto<\/strong>. Questo nuovo allestimento prodotto dal TST con Emilia Romagna Teatro ERT \/ Teatro Nazionale sar\u00e0 replicato al Carignano fino al 28 aprile, poi sar\u00e0 rappresentato al Teatro Rossini di Pesaro, dal 2 al 5 maggio e all\u2019Arena del Sole di Bologna, dal 9 al 12 maggio 2024.<\/p>\n<p><a href=\"http:\/\/www.teatrostabiletorino.it\/wp-content\/uploads\/2024\/04\/01_CS_La-vita-che-ti-diedi_regia-S_Braunschweig-2.pdf\" target=\"_blank\" rel=\"noopener noreferrer\">CS_La vita che ti diedi<\/a><\/p>\n<p>&nbsp;<\/p>\n<p>&nbsp;<\/p>","protected":false},"excerpt":{"rendered":"<p>Sorry, this entry is only available in Italiano.St\u00e9phane Braunschweig, tra i principali registi della scena <a href=\"https:\/\/www.teatrostabiletorino.it\/en\/debutta-in-prima-nazionale-la-vita-che-ti-diedi-di-luigi-pirandello-nuova-produzione-dello-stabile-di-torino-per-la-regia-di-stephane-braunschweig-teatro-carignano-dal-9-al-28-apri\/\"> [+]<\/a><\/p>\n","protected":false},"author":2,"featured_media":56626,"comment_status":"closed","ping_status":"open","sticky":false,"template":"","format":"standard","meta":{"_acf_changed":false,"footnotes":""},"categories":[171],"tags":[],"acf":[],"_links":{"self":[{"href":"https:\/\/www.teatrostabiletorino.it\/en\/wp-json\/wp\/v2\/posts\/58873"}],"collection":[{"href":"https:\/\/www.teatrostabiletorino.it\/en\/wp-json\/wp\/v2\/posts"}],"about":[{"href":"https:\/\/www.teatrostabiletorino.it\/en\/wp-json\/wp\/v2\/types\/post"}],"author":[{"embeddable":true,"href":"https:\/\/www.teatrostabiletorino.it\/en\/wp-json\/wp\/v2\/users\/2"}],"replies":[{"embeddable":true,"href":"https:\/\/www.teatrostabiletorino.it\/en\/wp-json\/wp\/v2\/comments?post=58873"}],"version-history":[{"count":0,"href":"https:\/\/www.teatrostabiletorino.it\/en\/wp-json\/wp\/v2\/posts\/58873\/revisions"}],"wp:featuredmedia":[{"embeddable":true,"href":"https:\/\/www.teatrostabiletorino.it\/en\/wp-json\/wp\/v2\/media\/56626"}],"wp:attachment":[{"href":"https:\/\/www.teatrostabiletorino.it\/en\/wp-json\/wp\/v2\/media?parent=58873"}],"wp:term":[{"taxonomy":"category","embeddable":true,"href":"https:\/\/www.teatrostabiletorino.it\/en\/wp-json\/wp\/v2\/categories?post=58873"},{"taxonomy":"post_tag","embeddable":true,"href":"https:\/\/www.teatrostabiletorino.it\/en\/wp-json\/wp\/v2\/tags?post=58873"}],"curies":[{"name":"wp","href":"https:\/\/api.w.org\/{rel}","templated":true}]}}