{"id":6319,"date":"2013-02-24T15:04:14","date_gmt":"2013-02-24T15:04:14","guid":{"rendered":"http:\/\/www.teatrostabiletorino.it\/?p=6319"},"modified":"2018-03-27T17:25:06","modified_gmt":"2018-03-27T15:25:06","slug":"martedi-21-gennaio-2014-al-teatro-carignano-debuttera-in-prima-nazionale-quartett-le-relazioni-pericolose-di-heiner-muller-con-laura-marinoni-e-valter-malosti-regia-valter-malosti","status":"publish","type":"post","link":"https:\/\/www.teatrostabiletorino.it\/en\/martedi-21-gennaio-2014-al-teatro-carignano-debuttera-in-prima-nazionale-quartett-le-relazioni-pericolose-di-heiner-muller-con-laura-marinoni-e-valter-malosti-regia-valter-malosti\/","title":{"rendered":"Marted\u00ec 21 gennaio 2014, Teatro Carignano, QUARTETT di Heiner M\u00fcller, regia Valter Malosti, prima nazionale"},"content":{"rendered":"<p><b>Marted\u00ec 21 gennaio 2014, alle ore 19.30 <\/b><b>debutter\u00e0 in prima nazionale al <\/b><b>Teatro Carignano di Torino <\/b><b>QUARTETT <\/b>di <b>Heiner M\u00fcller <\/b>da <i>Le relazioni pericolose <\/i>di<b> <\/b>Pierre Choderlos de Laclos, nella nuova versione italiana di Agnese Grieco e Valter Malosti. Lo spettacolo sar\u00e0 interpretato da <b>Laura Marinoni<\/b> (nel ruolo di Merteuil) e <b>Valter Malosti <\/b>(nel ruolo di Valmont), per la regia dello stesso <b>Malosti<\/b>. Dramaturg Agnese Grieco, scene Nicolas Bovey, suono e <i>live electronics <\/i>G.u.p. Alcaro, luci Francesco Dell\u2019Elba, costumi Gianluca Falaschi, assistente alla regia Elena Serra. Lo spettacolo, che sar\u00e0 replicato fino al 2 febbraio 2014 al Teatro Carignano e poi in tourn\u00e9e in Italia e all\u2019estero, \u00e8 prodotto dalla Fondazione del Teatro Stabile di Torino.<\/p>\n<p><i>Quartett<\/i>, scritto da Heiner M\u00fcller nel 1982, condensa e incendia la materia de <i>Le relazioni pericolose <\/i>di Pierre Choderlos de Laclos, oggetto delle fortunate trasposizioni cinematografiche di Milos Forman e di Stephen Frears.\u00abTutti &#8211; scrive Mario Martone &#8211; ricordano John Malkovich e Glenn Close nelle <i>Relazioni pericolose <\/i>di Stephen Frears, ma il romanzo di Choderlos de Laclos ha generato pi\u00f9 di una messa in scena tra cinema e teatro, e su tutte si impone la straordinaria rielaborazione di Heiner M\u00fcller dal titolo <i>Quartett<\/i>. M\u00fcller \u00e8 stato probabilmente il pi\u00f9 importante autore teatrale tedesco dopo Brecht e si potrebbe dire che la sua drammaturgia sia all\u2019origine di gran parte del teatro che si scrive ai giorni nostri, in ogni parte del mondo. Proprio il punto di contatto tra la drammaturgia radicale di M\u00fcller e un tema popolare come quello delle <i>Relazioni pericolose <\/i>(quanto mai vivo oggi, in tempi di grande rimessa in discussione delle questioni maschili\/femminili e di manipolazioni continue dei rapporti umani) ci ha spinto a portare in scena un testo come <i>Quartett<\/i>; ma per farlo ci voleva la possibilit\u00e0 di schierare due artisti del calibro di Valter Malosti e Laura Marinoni, che vedremo alle prese con dei personaggi particolarmente affascinanti per le loro corde d\u2019attori. Malosti aveva cominciato giovanissimo il suo percorso di regista proprio con <i>Quartett<\/i>: oggi riaffronta il testo nel pieno di una maturit\u00e0 che va affermandosi di anno in anno nell\u2019alveo del nostro Stabile e di cui non possiamo che essere orgogliosi\u00bb.<\/p>\n<p>\u00abIl romanzo &#8211; scrive Valter Malosti &#8211; narra le avventure di due nobili e crudeli libertini, il visconte Valmont e la marchesa di Merteuil, ed \u00e8 considerato uno dei capolavori della letteratura francese, anche se M\u00fcller precisa, non sappiamo quanto snobisticamente, che non ha mai letto il romanzo dall\u2019inizio alla fine. La sua versione \u00e8 sicuramente pi\u00f9 brutale, atrocemente spudorata e piena di humor nero, scritta in prosa ma con una lingua dall\u2019andamento fortemente poetico e di magmatica fisicit\u00e0. Dichiara l\u2019autore a proposito del suo testo: \u201cL\u2019arte affonda le sue radici nel sangue, e necessita di queste radici. L\u2019adesione all\u2019orrore, al terrore fa parte della descrizione dell\u2019orrore e del terrore. \u00c8 il caso de <i>Le relazioni pericolose<\/i>. Laclos si \u00e8 sempre dichiarato un moralista intento a descrivere gli abissi dell\u2019immoralit\u00e0 al fine di mettere l\u2019umanit\u00e0 in guardia.<\/p>\n<p>L\u2019atteggiamento moralistico \u00e8 solo la posa di un autore fortemente interessato alle tenebre dell\u2019anima. Il problema principale nella riscrittura di <i>Quartett <\/i>era come ideare una drammaturgia a partire da un romanzo epistolare. Alla fine la soluzione \u00e8 venuta recitando: due personaggi ne interpretano quattro&#8230;\u201d. Le due belve libertine si scambiano i ruoli e impersonano a turno le loro vittime in una dimensione di spazio\/tempo che si allarga dal salotto prima della rivoluzione francese ad un bunker dopo la \u201cterza guerra mondiale\u201d. La Storia \u00e8 l\u00ec fuori dalla porta. L\u2019autore stesso si rispecchia nei due caratteri, si sdoppia godendo la teatralit\u00e0 degli scambi di ruolo. In <i>Quartett <\/i>il gioco sadomasochista della coppia apre a scenari ben pi\u00f9 terribili e metafisici. Si va incontro alla morte con una risata beffarda che risuona nel vuoto del \u201cTeatro d\u2019arte delle Bestie\u201d\u00bb.<i><\/i><\/p>\n\n\t\t<style type=\"text\/css\">\n\t\t\t#gallery-2 {\n\t\t\t\tmargin: auto;\n\t\t\t}\n\t\t\t#gallery-2 .gallery-item {\n\t\t\t\tfloat: left;\n\t\t\t\tmargin-top: 10px;\n\t\t\t\ttext-align: center;\n\t\t\t\twidth: 20%;\n\t\t\t}\n\t\t\t#gallery-2 img {\n\t\t\t\tborder: 2px solid #cfcfcf;\n\t\t\t}\n\t\t\t#gallery-2 .gallery-caption {\n\t\t\t\tmargin-left: 0;\n\t\t\t}\n\t\t\t\/* see gallery_shortcode() in wp-includes\/media.php *\/\n\t\t<\/style>\n\t\t<div id='gallery-2' class='gallery galleryid-6319 gallery-columns-5 gallery-size-thumbnail'><dl class='gallery-item'>\n\t\t\t<dt class='gallery-icon landscape'>\n\t\t\t\t<a data-rel=\"iLightbox[postimages]\" data-title=\"QUARTETT_V. Malosti_L. Marinoni_ph Sara Magni_MG_1284\" data-caption=\"\" href='https:\/\/www.teatrostabiletorino.it\/wp-content\/uploads\/2013\/11\/QUARTETT_V.-Malosti_L.-Marinoni_ph-Sara-Magni_MG_1284.jpg'><img decoding=\"async\" width=\"150\" height=\"150\" src=\"data:image\/svg+xml,%3Csvg%20xmlns%3D%27http%3A%2F%2Fwww.w3.org%2F2000%2Fsvg%27%20width%3D%272126%27%20height%3D%271418%27%20viewBox%3D%270%200%202126%201418%27%3E%3Crect%20width%3D%272126%27%20height%3D%271418%27%20fill-opacity%3D%220%22%2F%3E%3C%2Fsvg%3E\" class=\"attachment-thumbnail size-thumbnail lazyload\" alt=\"\" data-orig-src=\"https:\/\/www.teatrostabiletorino.it\/wp-content\/uploads\/2013\/11\/QUARTETT_V.-Malosti_L.-Marinoni_ph-Sara-Magni_MG_1284-150x150.jpg\" \/><\/a>\n\t\t\t<\/dt><\/dl><dl class='gallery-item'>\n\t\t\t<dt class='gallery-icon landscape'>\n\t\t\t\t<a data-rel=\"iLightbox[postimages]\" data-title=\"01_QUARTETT_Malosti &#8211; Marinoni\u00a9ph Fabio Lovino_D0B0234\u00c2\" data-caption=\"\" href='https:\/\/www.teatrostabiletorino.it\/wp-content\/uploads\/2013\/02\/01_QUARTETT_Malosti-Marinoni\u00a9ph-Fabio-Lovino_D0B0234\u00c2.jpg'><img decoding=\"async\" width=\"150\" height=\"150\" src=\"https:\/\/www.teatrostabiletorino.it\/wp-content\/uploads\/2013\/02\/01_QUARTETT_Malosti-Marinoni\u00a9ph-Fabio-Lovino_D0B0234\u00c2-150x150.jpg\" class=\"attachment-thumbnail size-thumbnail lazyload\" alt=\"\" srcset=\"data:image\/svg+xml,%3Csvg%20xmlns%3D%27http%3A%2F%2Fwww.w3.org%2F2000%2Fsvg%27%20width%3D%272362%27%20height%3D%271575%27%20viewBox%3D%270%200%202362%201575%27%3E%3Crect%20width%3D%272362%27%20height%3D%271575%27%20fill-opacity%3D%220%22%2F%3E%3C%2Fsvg%3E\" data-orig-src=\"https:\/\/www.teatrostabiletorino.it\/wp-content\/uploads\/2013\/02\/01_QUARTETT_Malosti-Marinoni\u00a9ph-Fabio-Lovino_D0B0234\u00c2-150x150.jpg\" data-srcset=\"https:\/\/www.teatrostabiletorino.it\/wp-content\/uploads\/2013\/02\/01_QUARTETT_Malosti-Marinoni\u00a9ph-Fabio-Lovino_D0B0234\u00c2-66x66.jpg 66w, https:\/\/www.teatrostabiletorino.it\/wp-content\/uploads\/2013\/02\/01_QUARTETT_Malosti-Marinoni\u00a9ph-Fabio-Lovino_D0B0234\u00c2-150x150.jpg 150w\" data-sizes=\"auto\" \/><\/a>\n\t\t\t<\/dt><\/dl><dl class='gallery-item'>\n\t\t\t<dt class='gallery-icon landscape'>\n\t\t\t\t<a data-rel=\"iLightbox[postimages]\" data-title=\"02_QUARTETT_Marinoni &#8211; Malosti \u00a9ph Fabio Lovino_MG_0270\u00c2\" data-caption=\"\" href='https:\/\/www.teatrostabiletorino.it\/wp-content\/uploads\/2013\/02\/02_QUARTETT_Marinoni-Malosti-\u00a9ph-Fabio-Lovino_MG_0270\u00c2.jpg'><img decoding=\"async\" width=\"150\" height=\"150\" src=\"data:image\/svg+xml,%3Csvg%20xmlns%3D%27http%3A%2F%2Fwww.w3.org%2F2000%2Fsvg%27%20width%3D%272362%27%20height%3D%271575%27%20viewBox%3D%270%200%202362%201575%27%3E%3Crect%20width%3D%272362%27%20height%3D%271575%27%20fill-opacity%3D%220%22%2F%3E%3C%2Fsvg%3E\" class=\"attachment-thumbnail size-thumbnail lazyload\" alt=\"\" data-orig-src=\"https:\/\/www.teatrostabiletorino.it\/wp-content\/uploads\/2013\/02\/02_QUARTETT_Marinoni-Malosti-\u00a9ph-Fabio-Lovino_MG_0270\u00c2-150x150.jpg\" \/><\/a>\n\t\t\t<\/dt><\/dl><dl class='gallery-item'>\n\t\t\t<dt class='gallery-icon landscape'>\n\t\t\t\t<a data-rel=\"iLightbox[postimages]\" data-title=\"03_QUARTETT_Malosti &#8211; Marinoni\u00a9ph Fabio Lovino_MG_0427\u00c2\" data-caption=\"\" href='https:\/\/www.teatrostabiletorino.it\/wp-content\/uploads\/2013\/02\/03_QUARTETT_Malosti-Marinoni\u00a9ph-Fabio-Lovino_MG_0427\u00c2.jpg'><img decoding=\"async\" width=\"150\" height=\"150\" src=\"data:image\/svg+xml,%3Csvg%20xmlns%3D%27http%3A%2F%2Fwww.w3.org%2F2000%2Fsvg%27%20width%3D%272362%27%20height%3D%271575%27%20viewBox%3D%270%200%202362%201575%27%3E%3Crect%20width%3D%272362%27%20height%3D%271575%27%20fill-opacity%3D%220%22%2F%3E%3C%2Fsvg%3E\" class=\"attachment-thumbnail size-thumbnail lazyload\" alt=\"\" data-orig-src=\"https:\/\/www.teatrostabiletorino.it\/wp-content\/uploads\/2013\/02\/03_QUARTETT_Malosti-Marinoni\u00a9ph-Fabio-Lovino_MG_0427\u00c2-150x150.jpg\" \/><\/a>\n\t\t\t<\/dt><\/dl>\n\t\t\t<br style='clear: both' \/>\n\t\t<\/div>\n\n<p><a href=\"http:\/\/www.teatrostabiletorino.it\/wp-content\/uploads\/2013\/02\/02_Comunicato-QUARTETT-di-Muller-con-Marinoni-Malosti.pdf\">01_Comunicato QUARTETT di Muller con Marinoni Malosti<\/a><\/p>","protected":false},"excerpt":{"rendered":"<p>Marted\u00ec 21 gennaio 2014, alle ore 19.30 debutter\u00e0 in prima nazionale al Teatro Carignano di <a href=\"https:\/\/www.teatrostabiletorino.it\/en\/martedi-21-gennaio-2014-al-teatro-carignano-debuttera-in-prima-nazionale-quartett-le-relazioni-pericolose-di-heiner-muller-con-laura-marinoni-e-valter-malosti-regia-valter-malosti\/\"> [+]<\/a><\/p>\n","protected":false},"author":2,"featured_media":7121,"comment_status":"closed","ping_status":"closed","sticky":false,"template":"","format":"standard","meta":{"_acf_changed":false,"footnotes":""},"categories":[21],"tags":[],"acf":[],"_links":{"self":[{"href":"https:\/\/www.teatrostabiletorino.it\/en\/wp-json\/wp\/v2\/posts\/6319"}],"collection":[{"href":"https:\/\/www.teatrostabiletorino.it\/en\/wp-json\/wp\/v2\/posts"}],"about":[{"href":"https:\/\/www.teatrostabiletorino.it\/en\/wp-json\/wp\/v2\/types\/post"}],"author":[{"embeddable":true,"href":"https:\/\/www.teatrostabiletorino.it\/en\/wp-json\/wp\/v2\/users\/2"}],"replies":[{"embeddable":true,"href":"https:\/\/www.teatrostabiletorino.it\/en\/wp-json\/wp\/v2\/comments?post=6319"}],"version-history":[{"count":0,"href":"https:\/\/www.teatrostabiletorino.it\/en\/wp-json\/wp\/v2\/posts\/6319\/revisions"}],"wp:featuredmedia":[{"embeddable":true,"href":"https:\/\/www.teatrostabiletorino.it\/en\/wp-json\/wp\/v2\/media\/7121"}],"wp:attachment":[{"href":"https:\/\/www.teatrostabiletorino.it\/en\/wp-json\/wp\/v2\/media?parent=6319"}],"wp:term":[{"taxonomy":"category","embeddable":true,"href":"https:\/\/www.teatrostabiletorino.it\/en\/wp-json\/wp\/v2\/categories?post=6319"},{"taxonomy":"post_tag","embeddable":true,"href":"https:\/\/www.teatrostabiletorino.it\/en\/wp-json\/wp\/v2\/tags?post=6319"}],"curies":[{"name":"wp","href":"https:\/\/api.w.org\/{rel}","templated":true}]}}