{"id":7971,"date":"2013-03-18T11:10:33","date_gmt":"2013-03-18T10:10:33","guid":{"rendered":"http:\/\/www.teatrostabiletorino.it\/?p=7971"},"modified":"2018-03-27T17:40:53","modified_gmt":"2018-03-27T15:40:53","slug":"giovedi-3-aprile-2014-debuttera-in-prima-nazionale-alle-limone-fonderie-teatrali-di-moncalieri-lo-spettacolo-mack-is-coming-back-opera-cabaret-da-macbeth-di-heiner-muller-con-la-regia-di-gabriel-al","status":"publish","type":"post","link":"https:\/\/www.teatrostabiletorino.it\/en\/giovedi-3-aprile-2014-debuttera-in-prima-nazionale-alle-limone-fonderie-teatrali-di-moncalieri-lo-spettacolo-mack-is-coming-back-opera-cabaret-da-macbeth-di-heiner-muller-con-la-regia-di-gabriel-al\/","title":{"rendered":"Gioved\u00ec 3 aprile 2014, Fonderie Limone Moncalieri, MACK IS COMING BACK, Opera Cabaret da Macbeth di Heiner M\u00fcller, regia Gabriel Alvarez, prima nazionale"},"content":{"rendered":"<p><\/p>\n<p style=\"text-align: justify;\">Nell\u2019ambito del Progetto Internazionale \u201cTeatro d\u2019ogni passione\u201d, gioved\u00ec 3 aprile 2014, alle ore 19.30, debutter\u00e0 in prima nazionale alle Limone Fonderie Teatrali di Moncalieri (anzich\u00e9 alla Cavallerizza Reale, Maneggio, come comunicato in precedenza), lo spettacolo MACK IS COMING BACK Opera Cabaret da Macbeth di Heiner M\u00fcller, con la regia di Gabriel Alvarez, musiche composte e dirette da Bruno De Franceschi. Lo spettacolo \u00e8 interpretato da Amina Amici, Clara Brancorsini, Blandine Costaz, Andrea De Luca, Maria de la Paz; musicisti Cosimo Romagnoli (violoncello), Filippo Fan\u00f2 (pianoforte), Azusa Onishi (violino), Giacomo Poggiani (clarinetto), Andrea Angeloni (trombone), Leonardo Ramadori (percussioni); coro Coralie Quellier, Claire De Montiel, Laur\u00ebne Huet, P\u00e8n\u00e8lope Mason, Igor Chernov. La coreografia \u00e8 di Amina Amici, il trucco di Arnaud Buchs, la scenografia di Alex Gerenton, le luci di Danielle Milovic, i costumi di Toni Teixeira. Mack is coming back \u2013 prodotto dal Th\u00e9\u00e2tre du Galpon e dallo Studio d\u2019Action Th\u00e9\u00e2trale di Ginevra \u2013 verr\u00e0 replicato alle Fonderie Limone di Moncalieri venerd\u00ec 4 aprile 2014 alle ore 20.45, per la Stagione in abbonamento del Teatro Stabile di Torino.<\/p>\n<p><a href=\"http:\/\/www.teatrostabiletorino.it\/wp-content\/uploads\/2014\/03\/01_Comunicato_MACK-IS-COMING-BACK.pdf\">Comunicato_MACK IS COMING BACK<\/a><\/p>","protected":false},"excerpt":{"rendered":"<p>Nell\u2019ambito del Progetto Internazionale \u201cTeatro d\u2019ogni passione\u201d, gioved\u00ec 3 aprile 2014, alle ore 19.30, debutter\u00e0 <a href=\"https:\/\/www.teatrostabiletorino.it\/en\/giovedi-3-aprile-2014-debuttera-in-prima-nazionale-alle-limone-fonderie-teatrali-di-moncalieri-lo-spettacolo-mack-is-coming-back-opera-cabaret-da-macbeth-di-heiner-muller-con-la-regia-di-gabriel-al\/\"> [+]<\/a><\/p>\n","protected":false},"author":2,"featured_media":5879,"comment_status":"closed","ping_status":"closed","sticky":false,"template":"","format":"standard","meta":{"_acf_changed":false,"footnotes":""},"categories":[21],"tags":[],"acf":[],"_links":{"self":[{"href":"https:\/\/www.teatrostabiletorino.it\/en\/wp-json\/wp\/v2\/posts\/7971"}],"collection":[{"href":"https:\/\/www.teatrostabiletorino.it\/en\/wp-json\/wp\/v2\/posts"}],"about":[{"href":"https:\/\/www.teatrostabiletorino.it\/en\/wp-json\/wp\/v2\/types\/post"}],"author":[{"embeddable":true,"href":"https:\/\/www.teatrostabiletorino.it\/en\/wp-json\/wp\/v2\/users\/2"}],"replies":[{"embeddable":true,"href":"https:\/\/www.teatrostabiletorino.it\/en\/wp-json\/wp\/v2\/comments?post=7971"}],"version-history":[{"count":0,"href":"https:\/\/www.teatrostabiletorino.it\/en\/wp-json\/wp\/v2\/posts\/7971\/revisions"}],"wp:featuredmedia":[{"embeddable":true,"href":"https:\/\/www.teatrostabiletorino.it\/en\/wp-json\/wp\/v2\/media\/5879"}],"wp:attachment":[{"href":"https:\/\/www.teatrostabiletorino.it\/en\/wp-json\/wp\/v2\/media?parent=7971"}],"wp:term":[{"taxonomy":"category","embeddable":true,"href":"https:\/\/www.teatrostabiletorino.it\/en\/wp-json\/wp\/v2\/categories?post=7971"},{"taxonomy":"post_tag","embeddable":true,"href":"https:\/\/www.teatrostabiletorino.it\/en\/wp-json\/wp\/v2\/tags?post=7971"}],"curies":[{"name":"wp","href":"https:\/\/api.w.org\/{rel}","templated":true}]}}