{"id":8561,"date":"2013-04-30T09:47:29","date_gmt":"2013-04-30T07:47:29","guid":{"rendered":"http:\/\/www.teatrostabiletorino.it\/?p=8561"},"modified":"2018-02-26T16:24:17","modified_gmt":"2018-02-26T15:24:17","slug":"teatro-stabile-torino-stagione-20142015","status":"publish","type":"post","link":"https:\/\/www.teatrostabiletorino.it\/en\/teatro-stabile-torino-stagione-20142015\/","title":{"rendered":"TEATRO STABILE TORINO &#8211; STAGIONE 2014\/2015"},"content":{"rendered":"<p class=\"qtranxs-available-languages-message qtranxs-available-languages-message-en\">Sorry, this entry is only available in <a href=\"https:\/\/www.teatrostabiletorino.it\/it\/wp-json\/wp\/v2\/posts\/8561\" class=\"qtranxs-available-language-link qtranxs-available-language-link-it\" title=\"Italiano\">Italiano<\/a>.<\/p><p><div class=\"fusion-fullwidth fullwidth-box fusion-builder-row-1 hundred-percent-fullwidth non-hundred-percent-height-scrolling\" style=\"--awb-border-radius-top-left:0px;--awb-border-radius-top-right:0px;--awb-border-radius-bottom-right:0px;--awb-border-radius-bottom-left:0px;--awb-overflow:visible;--awb-flex-wrap:wrap;\" ><div class=\"fusion-builder-row fusion-row\"><div class=\"fusion-layout-column fusion_builder_column fusion-builder-column-0 fusion_builder_column_1_1 1_1 fusion-one-full fusion-column-first fusion-column-last fusion-column-no-min-height\" style=\"--awb-bg-size:cover;--awb-margin-bottom:0px;\"><div class=\"fusion-column-wrapper fusion-flex-column-wrapper-legacy\">\n<p style=\"text-align: justify;\">\u00abLa presentazione di un nuovo cartellone &#8211; dichiara <strong>Evelina Christillin<\/strong>, Presidente del Teatro Stabile &#8211; offre l\u2019occasione per fare bilanci ed esporre i piani strategici per il futuro. Riguardo al passato prossimo, possiamo qui ricordare i successi di una stagione che si \u00e8 aperta con sei premi della critica e si \u00e8 conclusa con un aumento degli incassi da bigliettazione (euro 1,6 milioni), un fatturato in crescita per la vendita dei nostri spettacoli in tourn\u00e9e (euro 1,7 milioni), un record di abbonati (16.050), un equilibrio perfetto tra contributi pubblici e altri ricavi, un consuntivo in pareggio a euro 13,7 milioni. Forti di questo buon viatico, ci prepariamo quindi ad affrontare i traguardi che attendono lo Stabile nel 2015: prima di tutto il 60\u00b0 anniversario dalla sua fondazione (era il 27 maggio 1955), quindi l\u2019entrata in vigore del nuovo decreto ministeriale &#8211; in via di approvazione &#8211; che dovrebbe riconoscere al nostro Teatro lo status di nazionale\u00bb.\u00a0 Il Teatro Stabile di Torino proporr\u00e0 nel cartellone 2014\/2015 le migliori produzioni del teatro italiano, presentando nei suoi spazi i pi\u00f9 interessanti testi della drammaturgia classica e contemporanea prodotti in questa stagione, diretti dai pi\u00f9 apprezzati registi e interpretati dai principali protagonisti della scena, tra cui: Giorgio Barberio Corsetti, Giuseppe Battiston, Carlo Cecchi, Giuseppe Cederna, Arturo Cirillo, Cristina Comencini, Laura Curino, Emma Dante, Roberto De Francesco, Andrea De Rosa, Jurij Ferrini, Angela Finocchiaro, Iaia Forte,<br \/>\nAlessandro Gassmann, Paolo Graziosi, Gabriele Lavia, Giuliana Lojodice, Sandro Lombardi, Laura Marinoni, Maria Amelia Monti, Enzo Moscato, Silvio Orlando, Umberto Orsini, Eros Pagni, Marco Paolini, Michele Placido, Claudio Santamaria, Toni e Peppe Servillo, Serena Sinigaglia, Tullio Solenghi, Federico Tiezzi, Filippo Timi&#8230; Anche quest\u2019anno la programmazione sar\u00e0 qualitativamente di alto profilo e come sempre ricca di proposte: fra ottobre 2014 e luglio 2015 saranno infatti<strong> 46 <\/strong>gli spettacoli fra produzioni e ospitalit\u00e0.<\/p>\n<p style=\"text-align: justify;\">Grande entusiasmo ha suscitato nella Stagione 2013\/2014 il progetto sulla drammaturgia tedesca a dimostrazione che Torino \u00e8 citt\u00e0 pienamente europea anche dal punto di vista teatrale ed \u00e8, anche per questo, che la nuova programmazione si apre ad alcune esperienze forti del teatro internazionale, per dare forma ad un cartellone di grande interesse in cui spicca la presenza di tre registi di fama mondiale come Declan Donnellan, Meng Jinghui e Christoph Marthaler. Il crescente processo di internazionalizzazione dello Stabile \u00e8 ulteriormente sottolineato dalla \u201cesportazione\u201d delle sue produzioni. Questa volta sar\u00e0 la Cina ad ospitare uno spettacolo dello Stabile, Gl\u2019innamorati di Goldoni \u2013 in collaborazione con la giovane compagnia piemontese Il Mulino di Amleto &#8211; che debutter\u00e0 nel mese di settembre a Pechino nell\u2019ambito del Beijing Fringe Festival.<br \/>\nSempre in quest\u2019ottica prosegue la significativa collaborazione con il Festival Torinodanza che porter\u00e0 nei teatri della nostra citt\u00e0 il meglio della danza internazionale con spettacoli provenienti da 7 diversi paesi (Australia, Belgio, Cina, Francia, Israele, Italia e Spagna) e con cui lo Stabile condivider\u00e0 il progetto di ospitare per la prima volta in Italia la National Theatre Company of China con lo spettacolo Rhinoceros in Love.<\/p>\n<p style=\"text-align: justify;\">Il Teatro Stabile continua a consolidare i suoi rapporti col tessuto culturale cittadino e del territorio sia attraverso una fitta rete di collaborazioni con le istituzioni &#8211; dalla Scuola Holden al Museo Egizio, dal Museo del Cinema al Circolo dei lettori e al Festival delle Colline Torinesi &#8211; sia attraverso la collaborazione con gli artisti coinvolti nel progetto produttivo, con quelli ospiti della programmazione e con le compagnie del Sistema Teatro Torino, che eroga quotidianamente servizi, consulenza e sostegno.<\/p>\n<p style=\"text-align: justify;\">\u00abUna stagione speciale &#8211; dichiara <strong>Mario Martone<\/strong>, Direttore del Teatro Stabile di Torino &#8211; quella che presentiamo, ricca di produzioni importanti e coraggiose, volta a onorare il sessantesimo compleanno dello Stabile, oltre che la sua auspicata trasformazione in Teatro Nazionale. Un cartellone di questa portata \u00e8 stato reso possibile da sette anni di lavoro di squadra che hanno dato all\u2019istituzione una fisionomia del tutto peculiare nel panorama del teatro italiano\u00bb.<br \/>\nNel nuovo cartellone il Teatro Stabile proporr\u00e0 un progetto produttivo di ampio respiro che mantiene la propria attenzione al territorio: <strong>10 tra produzioni e coproduzioni,<\/strong> di cui <strong>8 nuovi allestimenti e 2 riprese<\/strong>. Prosegue Mario Martone: \u00abda Laura Curino a Andrea De Rosa, da Jurij Ferrini a Valter Malosti, abbiamo innanzitutto voluto schierare alcuni dei nomi che in queste stagioni hanno contribuito con forza a formare l&#8217;identit\u00e0 del nostro teatro, e poi abbiamo aperto le porte a una regista bravissima come Serena Sinigaglia. Quanto a me, sono felice di potermi inserire nel gruppo e riuscire a realizzare il mio terzo spettacolo per lo Stabile, <em>Carmen<\/em>\u00bb.<\/p>\n\n\t\t<style type=\"text\/css\">\n\t\t\t#gallery-1 {\n\t\t\t\tmargin: auto;\n\t\t\t}\n\t\t\t#gallery-1 .gallery-item {\n\t\t\t\tfloat: left;\n\t\t\t\tmargin-top: 10px;\n\t\t\t\ttext-align: center;\n\t\t\t\twidth: 11%;\n\t\t\t}\n\t\t\t#gallery-1 img {\n\t\t\t\tborder: 2px solid #cfcfcf;\n\t\t\t}\n\t\t\t#gallery-1 .gallery-caption {\n\t\t\t\tmargin-left: 0;\n\t\t\t}\n\t\t\t\/* see gallery_shortcode() in wp-includes\/media.php *\/\n\t\t<\/style>\n\t\t<div id='gallery-1' class='gallery galleryid-8561 gallery-columns-9 gallery-size-thumbnail'><dl class='gallery-item'>\n\t\t\t<dt class='gallery-icon portrait'>\n\t\t\t\t<a data-rel=\"iLightbox[postimages]\" data-title=\"01_Evelina Christillin\" data-caption=\"\" href='https:\/\/www.teatrostabiletorino.it\/wp-content\/uploads\/2013\/03\/01_Evelina-Christillin.jpg'><img decoding=\"async\" width=\"150\" height=\"150\" src=\"data:image\/svg+xml,%3Csvg%20xmlns%3D%27http%3A%2F%2Fwww.w3.org%2F2000%2Fsvg%27%20width%3D%271772%27%20height%3D%272658%27%20viewBox%3D%270%200%201772%202658%27%3E%3Crect%20width%3D%271772%27%20height%3D%272658%27%20fill-opacity%3D%220%22%2F%3E%3C%2Fsvg%3E\" class=\"attachment-thumbnail size-thumbnail lazyload\" alt=\"\" data-orig-src=\"https:\/\/www.teatrostabiletorino.it\/wp-content\/uploads\/2013\/03\/01_Evelina-Christillin-150x150.jpg\" \/><\/a>\n\t\t\t<\/dt><\/dl><dl class='gallery-item'>\n\t\t\t<dt class='gallery-icon portrait'>\n\t\t\t\t<a data-rel=\"iLightbox[postimages]\" data-title=\"02_Mario Martone_ph_Luigi Rinaldi\" data-caption=\"\" href='https:\/\/www.teatrostabiletorino.it\/wp-content\/uploads\/2013\/03\/02_Mario-Martone_ph_Luigi-Rinaldi.jpg'><img decoding=\"async\" width=\"150\" height=\"150\" src=\"data:image\/svg+xml,%3Csvg%20xmlns%3D%27http%3A%2F%2Fwww.w3.org%2F2000%2Fsvg%27%20width%3D%272736%27%20height%3D%273648%27%20viewBox%3D%270%200%202736%203648%27%3E%3Crect%20width%3D%272736%27%20height%3D%273648%27%20fill-opacity%3D%220%22%2F%3E%3C%2Fsvg%3E\" class=\"attachment-thumbnail size-thumbnail lazyload\" alt=\"\" data-orig-src=\"https:\/\/www.teatrostabiletorino.it\/wp-content\/uploads\/2013\/03\/02_Mario-Martone_ph_Luigi-Rinaldi-150x150.jpg\" \/><\/a>\n\t\t\t<\/dt><\/dl><dl class='gallery-item'>\n\t\t\t<dt class='gallery-icon portrait'>\n\t\t\t\t<a data-rel=\"iLightbox[postimages]\" data-title=\"copertaIMGstagione14_15.indd\" data-caption=\"\" href='https:\/\/www.teatrostabiletorino.it\/wp-content\/uploads\/2013\/03\/03_Immagine-Stagione.jpg'><img decoding=\"async\" width=\"150\" height=\"150\" src=\"https:\/\/www.teatrostabiletorino.it\/wp-content\/uploads\/2013\/03\/03_Immagine-Stagione-150x150.jpg\" class=\"attachment-thumbnail size-thumbnail lazyload\" alt=\"\" srcset=\"data:image\/svg+xml,%3Csvg%20xmlns%3D%27http%3A%2F%2Fwww.w3.org%2F2000%2Fsvg%27%20width%3D%27595%27%20height%3D%27842%27%20viewBox%3D%270%200%20595%20842%27%3E%3Crect%20width%3D%27595%27%20height%3D%27842%27%20fill-opacity%3D%220%22%2F%3E%3C%2Fsvg%3E\" data-orig-src=\"https:\/\/www.teatrostabiletorino.it\/wp-content\/uploads\/2013\/03\/03_Immagine-Stagione-150x150.jpg\" data-srcset=\"https:\/\/www.teatrostabiletorino.it\/wp-content\/uploads\/2013\/03\/03_Immagine-Stagione-66x66.jpg 66w, https:\/\/www.teatrostabiletorino.it\/wp-content\/uploads\/2013\/03\/03_Immagine-Stagione-150x150.jpg 150w\" data-sizes=\"auto\" \/><\/a>\n\t\t\t<\/dt><\/dl><dl class='gallery-item'>\n\t\t\t<dt class='gallery-icon landscape'>\n\t\t\t\t<a data-rel=\"iLightbox[postimages]\" data-title=\"04_CARMEN_Iaia Forte\" data-caption=\"\" href='https:\/\/www.teatrostabiletorino.it\/wp-content\/uploads\/2013\/03\/04_CARMEN_Iaia-Forte.jpg'><img decoding=\"async\" width=\"150\" height=\"150\" src=\"https:\/\/www.teatrostabiletorino.it\/wp-content\/uploads\/2013\/03\/04_CARMEN_Iaia-Forte-150x150.jpg\" class=\"attachment-thumbnail size-thumbnail lazyload\" alt=\"\" srcset=\"data:image\/svg+xml,%3Csvg%20xmlns%3D%27http%3A%2F%2Fwww.w3.org%2F2000%2Fsvg%27%20width%3D%271705%27%20height%3D%271700%27%20viewBox%3D%270%200%201705%201700%27%3E%3Crect%20width%3D%271705%27%20height%3D%271700%27%20fill-opacity%3D%220%22%2F%3E%3C%2Fsvg%3E\" data-orig-src=\"https:\/\/www.teatrostabiletorino.it\/wp-content\/uploads\/2013\/03\/04_CARMEN_Iaia-Forte-150x150.jpg\" data-srcset=\"https:\/\/www.teatrostabiletorino.it\/wp-content\/uploads\/2013\/03\/04_CARMEN_Iaia-Forte-150x150.jpg 150w, https:\/\/www.teatrostabiletorino.it\/wp-content\/uploads\/2013\/03\/04_CARMEN_Iaia-Forte-300x300.jpg 300w, https:\/\/www.teatrostabiletorino.it\/wp-content\/uploads\/2013\/03\/04_CARMEN_Iaia-Forte-1024x1021.jpg 1024w, https:\/\/www.teatrostabiletorino.it\/wp-content\/uploads\/2013\/03\/04_CARMEN_Iaia-Forte.jpg 1705w\" data-sizes=\"auto\" \/><\/a>\n\t\t\t<\/dt><\/dl><dl class='gallery-item'>\n\t\t\t<dt class='gallery-icon landscape'>\n\t\t\t\t<a data-rel=\"iLightbox[postimages]\" data-title=\"05_FALSTAFF_Giuseppe Battiston\" data-caption=\"\" href='https:\/\/www.teatrostabiletorino.it\/wp-content\/uploads\/2013\/03\/05_FALSTAFF_Giuseppe-Battiston.jpg'><img decoding=\"async\" width=\"150\" height=\"150\" src=\"data:image\/svg+xml,%3Csvg%20xmlns%3D%27http%3A%2F%2Fwww.w3.org%2F2000%2Fsvg%27%20width%3D%272362%27%20height%3D%271574%27%20viewBox%3D%270%200%202362%201574%27%3E%3Crect%20width%3D%272362%27%20height%3D%271574%27%20fill-opacity%3D%220%22%2F%3E%3C%2Fsvg%3E\" class=\"attachment-thumbnail size-thumbnail lazyload\" alt=\"\" data-orig-src=\"https:\/\/www.teatrostabiletorino.it\/wp-content\/uploads\/2013\/03\/05_FALSTAFF_Giuseppe-Battiston-150x150.jpg\" \/><\/a>\n\t\t\t<\/dt><\/dl><dl class='gallery-item'>\n\t\t\t<dt class='gallery-icon landscape'>\n\t\t\t\t<a data-rel=\"iLightbox[postimages]\" data-title=\"06_CYRANO DE BERGERAC_Jurij Ferrini\" data-caption=\"\" href='https:\/\/www.teatrostabiletorino.it\/wp-content\/uploads\/2013\/03\/06_CYRANO-DE-BERGERAC_Jurij-Ferrini.jpg'><img decoding=\"async\" width=\"150\" height=\"150\" src=\"data:image\/svg+xml,%3Csvg%20xmlns%3D%27http%3A%2F%2Fwww.w3.org%2F2000%2Fsvg%27%20width%3D%272126%27%20height%3D%271417%27%20viewBox%3D%270%200%202126%201417%27%3E%3Crect%20width%3D%272126%27%20height%3D%271417%27%20fill-opacity%3D%220%22%2F%3E%3C%2Fsvg%3E\" class=\"attachment-thumbnail size-thumbnail lazyload\" alt=\"\" data-orig-src=\"https:\/\/www.teatrostabiletorino.it\/wp-content\/uploads\/2013\/03\/06_CYRANO-DE-BERGERAC_Jurij-Ferrini-150x150.jpg\" \/><\/a>\n\t\t\t<\/dt><\/dl><dl class='gallery-item'>\n\t\t\t<dt class='gallery-icon portrait'>\n\t\t\t\t<a data-rel=\"iLightbox[postimages]\" data-title=\"07_6BIANCA_Stephen Amidon 2\" data-caption=\"\" href='https:\/\/www.teatrostabiletorino.it\/wp-content\/uploads\/2013\/03\/07_6BIANCA_Stephen-Amidon-2.jpg'><img decoding=\"async\" width=\"150\" height=\"150\" src=\"data:image\/svg+xml,%3Csvg%20xmlns%3D%27http%3A%2F%2Fwww.w3.org%2F2000%2Fsvg%27%20width%3D%27788%27%20height%3D%271180%27%20viewBox%3D%270%200%20788%201180%27%3E%3Crect%20width%3D%27788%27%20height%3D%271180%27%20fill-opacity%3D%220%22%2F%3E%3C%2Fsvg%3E\" class=\"attachment-thumbnail size-thumbnail lazyload\" alt=\"\" data-orig-src=\"https:\/\/www.teatrostabiletorino.it\/wp-content\/uploads\/2013\/03\/07_6BIANCA_Stephen-Amidon-2-150x150.jpg\" \/><\/a>\n\t\t\t<\/dt><\/dl><dl class='gallery-item'>\n\t\t\t<dt class='gallery-icon landscape'>\n\t\t\t\t<a data-rel=\"iLightbox[postimages]\" data-title=\"08_SANTA IMPRESA_Laura Curino_\u00a9 Gianfranco Rota\" data-caption=\"\" href='https:\/\/www.teatrostabiletorino.it\/wp-content\/uploads\/2013\/03\/08_SANTA-IMPRESA_Laura-Curino_\u00a9-Gianfranco-Rota.jpg'><img decoding=\"async\" width=\"150\" height=\"150\" src=\"data:image\/svg+xml,%3Csvg%20xmlns%3D%27http%3A%2F%2Fwww.w3.org%2F2000%2Fsvg%27%20width%3D%272126%27%20height%3D%271417%27%20viewBox%3D%270%200%202126%201417%27%3E%3Crect%20width%3D%272126%27%20height%3D%271417%27%20fill-opacity%3D%220%22%2F%3E%3C%2Fsvg%3E\" class=\"attachment-thumbnail size-thumbnail lazyload\" alt=\"\" data-orig-src=\"https:\/\/www.teatrostabiletorino.it\/wp-content\/uploads\/2013\/03\/08_SANTA-IMPRESA_Laura-Curino_\u00a9-Gianfranco-Rota-150x150.jpg\" \/><\/a>\n\t\t\t<\/dt><\/dl><dl class='gallery-item'>\n\t\t\t<dt class='gallery-icon landscape'>\n\t\t\t\t<a data-rel=\"iLightbox[postimages]\" data-title=\"09_ANTONIO E CLEOPATRA_AKHANATON_Valter Malosti_ph Tommaso Le Pera\" data-caption=\"\" href='https:\/\/www.teatrostabiletorino.it\/wp-content\/uploads\/2013\/03\/09_ANTONIO-E-CLEOPATRA_AKHANATON_Valter-Malosti_ph-Tommaso-Le-Pera.jpg'><img decoding=\"async\" width=\"150\" height=\"150\" src=\"data:image\/svg+xml,%3Csvg%20xmlns%3D%27http%3A%2F%2Fwww.w3.org%2F2000%2Fsvg%27%20width%3D%271890%27%20height%3D%271258%27%20viewBox%3D%270%200%201890%201258%27%3E%3Crect%20width%3D%271890%27%20height%3D%271258%27%20fill-opacity%3D%220%22%2F%3E%3C%2Fsvg%3E\" class=\"attachment-thumbnail size-thumbnail lazyload\" alt=\"\" data-orig-src=\"https:\/\/www.teatrostabiletorino.it\/wp-content\/uploads\/2013\/03\/09_ANTONIO-E-CLEOPATRA_AKHANATON_Valter-Malosti_ph-Tommaso-Le-Pera-150x150.jpg\" \/><\/a>\n\t\t\t<\/dt><\/dl><br style=\"clear: both\" \/><dl class='gallery-item'>\n\t\t\t<dt class='gallery-icon landscape'>\n\t\t\t\t<a data-rel=\"iLightbox[postimages]\" data-title=\"10_CENERENTOLA_Marco Lorenzi_IMG_8207\" data-caption=\"\" href='https:\/\/www.teatrostabiletorino.it\/wp-content\/uploads\/2013\/03\/10_CENERENTOLA_Marco-Lorenzi_IMG_8207.jpg'><img decoding=\"async\" width=\"150\" height=\"150\" src=\"data:image\/svg+xml,%3Csvg%20xmlns%3D%27http%3A%2F%2Fwww.w3.org%2F2000%2Fsvg%27%20width%3D%274080%27%20height%3D%272720%27%20viewBox%3D%270%200%204080%202720%27%3E%3Crect%20width%3D%274080%27%20height%3D%272720%27%20fill-opacity%3D%220%22%2F%3E%3C%2Fsvg%3E\" class=\"attachment-thumbnail size-thumbnail lazyload\" alt=\"\" data-orig-src=\"https:\/\/www.teatrostabiletorino.it\/wp-content\/uploads\/2013\/03\/10_CENERENTOLA_Marco-Lorenzi_IMG_8207-150x150.jpg\" \/><\/a>\n\t\t\t<\/dt><\/dl><dl class='gallery-item'>\n\t\t\t<dt class='gallery-icon landscape'>\n\t\t\t\t<a data-rel=\"iLightbox[postimages]\" data-title=\"11_RIII_RICCARDO TERZO\" data-caption=\"\" href='https:\/\/www.teatrostabiletorino.it\/wp-content\/uploads\/2013\/03\/11_RIII_RICCARDO-TERZO.jpg'><img decoding=\"async\" width=\"150\" height=\"150\" src=\"data:image\/svg+xml,%3Csvg%20xmlns%3D%27http%3A%2F%2Fwww.w3.org%2F2000%2Fsvg%27%20width%3D%272362%27%20height%3D%271673%27%20viewBox%3D%270%200%202362%201673%27%3E%3Crect%20width%3D%272362%27%20height%3D%271673%27%20fill-opacity%3D%220%22%2F%3E%3C%2Fsvg%3E\" class=\"attachment-thumbnail size-thumbnail lazyload\" alt=\"\" data-orig-src=\"https:\/\/www.teatrostabiletorino.it\/wp-content\/uploads\/2013\/03\/11_RIII_RICCARDO-TERZO-150x150.jpg\" \/><\/a>\n\t\t\t<\/dt><\/dl><dl class='gallery-item'>\n\t\t\t<dt class='gallery-icon landscape'>\n\t\t\t\t<a data-rel=\"iLightbox[postimages]\" data-title=\"14_RE LEAR_Michele Placido, Francesco Biscione ,Brenno Placido\" data-caption=\"\" href='https:\/\/www.teatrostabiletorino.it\/wp-content\/uploads\/2013\/03\/14_RE-LEAR_Michele-Placido-Francesco-Biscione-Brenno-Placido.jpg'><img decoding=\"async\" width=\"150\" height=\"150\" src=\"data:image\/svg+xml,%3Csvg%20xmlns%3D%27http%3A%2F%2Fwww.w3.org%2F2000%2Fsvg%27%20width%3D%272362%27%20height%3D%271569%27%20viewBox%3D%270%200%202362%201569%27%3E%3Crect%20width%3D%272362%27%20height%3D%271569%27%20fill-opacity%3D%220%22%2F%3E%3C%2Fsvg%3E\" class=\"attachment-thumbnail size-thumbnail lazyload\" alt=\"\" data-orig-src=\"https:\/\/www.teatrostabiletorino.it\/wp-content\/uploads\/2013\/03\/14_RE-LEAR_Michele-Placido-Francesco-Biscione-Brenno-Placido-150x150.jpg\" \/><\/a>\n\t\t\t<\/dt><\/dl><dl class='gallery-item'>\n\t\t\t<dt class='gallery-icon landscape'>\n\t\t\t\t<a data-rel=\"iLightbox[postimages]\" data-title=\"15_IL FU MATTIA PASCAL_Tato Russo\" data-caption=\"\" href='https:\/\/www.teatrostabiletorino.it\/wp-content\/uploads\/2013\/03\/15_IL-FU-MATTIA-PASCAL_Tato-Russo.jpg'><img decoding=\"async\" width=\"150\" height=\"150\" src=\"data:image\/svg+xml,%3Csvg%20xmlns%3D%27http%3A%2F%2Fwww.w3.org%2F2000%2Fsvg%27%20width%3D%272362%27%20height%3D%271572%27%20viewBox%3D%270%200%202362%201572%27%3E%3Crect%20width%3D%272362%27%20height%3D%271572%27%20fill-opacity%3D%220%22%2F%3E%3C%2Fsvg%3E\" class=\"attachment-thumbnail size-thumbnail lazyload\" alt=\"\" data-orig-src=\"https:\/\/www.teatrostabiletorino.it\/wp-content\/uploads\/2013\/03\/15_IL-FU-MATTIA-PASCAL_Tato-Russo-150x150.jpg\" \/><\/a>\n\t\t\t<\/dt><\/dl><dl class='gallery-item'>\n\t\t\t<dt class='gallery-icon landscape'>\n\t\t\t\t<a data-rel=\"iLightbox[postimages]\" data-title=\"16_IL FLAUTO MAGICO-0060\" data-caption=\"\" href='https:\/\/www.teatrostabiletorino.it\/wp-content\/uploads\/2013\/03\/16_IL-FLAUTO-MAGICO-0060.jpg'><img decoding=\"async\" width=\"150\" height=\"150\" src=\"data:image\/svg+xml,%3Csvg%20xmlns%3D%27http%3A%2F%2Fwww.w3.org%2F2000%2Fsvg%27%20width%3D%272362%27%20height%3D%271486%27%20viewBox%3D%270%200%202362%201486%27%3E%3Crect%20width%3D%272362%27%20height%3D%271486%27%20fill-opacity%3D%220%22%2F%3E%3C%2Fsvg%3E\" class=\"attachment-thumbnail size-thumbnail lazyload\" alt=\"\" data-orig-src=\"https:\/\/www.teatrostabiletorino.it\/wp-content\/uploads\/2013\/03\/16_IL-FLAUTO-MAGICO-0060-150x150.jpg\" \/><\/a>\n\t\t\t<\/dt><\/dl><dl class='gallery-item'>\n\t\t\t<dt class='gallery-icon portrait'>\n\t\t\t\t<a data-rel=\"iLightbox[postimages]\" data-title=\"17_LA PROFESSIONE DELLA WARREN_Giuliana_Lojodice\" data-caption=\"\" href='https:\/\/www.teatrostabiletorino.it\/wp-content\/uploads\/2013\/03\/17_LA-PROFESSIONE-DELLA-WARREN_Giuliana_Lojodice.jpg'><img decoding=\"async\" width=\"150\" height=\"150\" src=\"data:image\/svg+xml,%3Csvg%20xmlns%3D%27http%3A%2F%2Fwww.w3.org%2F2000%2Fsvg%27%20width%3D%271308%27%20height%3D%271969%27%20viewBox%3D%270%200%201308%201969%27%3E%3Crect%20width%3D%271308%27%20height%3D%271969%27%20fill-opacity%3D%220%22%2F%3E%3C%2Fsvg%3E\" class=\"attachment-thumbnail size-thumbnail lazyload\" alt=\"\" data-orig-src=\"https:\/\/www.teatrostabiletorino.it\/wp-content\/uploads\/2013\/03\/17_LA-PROFESSIONE-DELLA-WARREN_Giuliana_Lojodice-150x150.jpg\" \/><\/a>\n\t\t\t<\/dt><\/dl><dl class='gallery-item'>\n\t\t\t<dt class='gallery-icon portrait'>\n\t\t\t\t<a data-rel=\"iLightbox[postimages]\" data-title=\"18_SEI PERSONAGGI IN CERCA D&#8217;AUTORE_Gabriele Lavia\" data-caption=\"\" href='https:\/\/www.teatrostabiletorino.it\/wp-content\/uploads\/2013\/03\/18_SEI-PERSONAGGI-IN-CERCA-DAUTORE_Gabriele-Lavia.jpg'><img decoding=\"async\" width=\"150\" height=\"150\" src=\"data:image\/svg+xml,%3Csvg%20xmlns%3D%27http%3A%2F%2Fwww.w3.org%2F2000%2Fsvg%27%20width%3D%271572%27%20height%3D%272362%27%20viewBox%3D%270%200%201572%202362%27%3E%3Crect%20width%3D%271572%27%20height%3D%272362%27%20fill-opacity%3D%220%22%2F%3E%3C%2Fsvg%3E\" class=\"attachment-thumbnail size-thumbnail lazyload\" alt=\"\" data-orig-src=\"https:\/\/www.teatrostabiletorino.it\/wp-content\/uploads\/2013\/03\/18_SEI-PERSONAGGI-IN-CERCA-DAUTORE_Gabriele-Lavia-150x150.jpg\" \/><\/a>\n\t\t\t<\/dt><\/dl><dl class='gallery-item'>\n\t\t\t<dt class='gallery-icon landscape'>\n\t\t\t\t<a data-rel=\"iLightbox[postimages]\" data-title=\"19_LA SCUOLA_Marina Massironi_Silvio Orlando\" data-caption=\"\" href='https:\/\/www.teatrostabiletorino.it\/wp-content\/uploads\/2013\/03\/19_LA-SCUOLA_Marina-Massironi_Silvio-Orlando.jpg'><img decoding=\"async\" width=\"150\" height=\"150\" src=\"data:image\/svg+xml,%3Csvg%20xmlns%3D%27http%3A%2F%2Fwww.w3.org%2F2000%2Fsvg%27%20width%3D%271300%27%20height%3D%27867%27%20viewBox%3D%270%200%201300%20867%27%3E%3Crect%20width%3D%271300%27%20height%3D%27867%27%20fill-opacity%3D%220%22%2F%3E%3C%2Fsvg%3E\" class=\"attachment-thumbnail size-thumbnail lazyload\" alt=\"\" data-orig-src=\"https:\/\/www.teatrostabiletorino.it\/wp-content\/uploads\/2013\/03\/19_LA-SCUOLA_Marina-Massironi_Silvio-Orlando-150x150.jpg\" \/><\/a>\n\t\t\t<\/dt><\/dl><dl class='gallery-item'>\n\t\t\t<dt class='gallery-icon portrait'>\n\t\t\t\t<a data-rel=\"iLightbox[postimages]\" data-title=\"20_IL DON GIOVANNI_Filippo Timi\" data-caption=\"\" href='https:\/\/www.teatrostabiletorino.it\/wp-content\/uploads\/2013\/03\/20_IL-DON-GIOVANNI_Filippo-Timi.jpg'><img decoding=\"async\" width=\"150\" height=\"150\" src=\"data:image\/svg+xml,%3Csvg%20xmlns%3D%27http%3A%2F%2Fwww.w3.org%2F2000%2Fsvg%27%20width%3D%27936%27%20height%3D%271404%27%20viewBox%3D%270%200%20936%201404%27%3E%3Crect%20width%3D%27936%27%20height%3D%271404%27%20fill-opacity%3D%220%22%2F%3E%3C%2Fsvg%3E\" class=\"attachment-thumbnail size-thumbnail lazyload\" alt=\"\" data-orig-src=\"https:\/\/www.teatrostabiletorino.it\/wp-content\/uploads\/2013\/03\/20_IL-DON-GIOVANNI_Filippo-Timi-150x150.jpg\" \/><\/a>\n\t\t\t<\/dt><\/dl><br style=\"clear: both\" \/><dl class='gallery-item'>\n\t\t\t<dt class='gallery-icon landscape'>\n\t\t\t\t<a data-rel=\"iLightbox[postimages]\" data-title=\"21_LA PAROLA CANTA_Peppe Servillo Toni Servilllo \u00a9 Pietro Coccia\" data-caption=\"\" href='https:\/\/www.teatrostabiletorino.it\/wp-content\/uploads\/2013\/03\/21_LA-PAROLA-CANTA_Peppe-Servillo-Toni-Servilllo-\u00a9-Pietro-Coccia.jpg'><img decoding=\"async\" width=\"150\" height=\"150\" src=\"data:image\/svg+xml,%3Csvg%20xmlns%3D%27http%3A%2F%2Fwww.w3.org%2F2000%2Fsvg%27%20width%3D%271280%27%20height%3D%27853%27%20viewBox%3D%270%200%201280%20853%27%3E%3Crect%20width%3D%271280%27%20height%3D%27853%27%20fill-opacity%3D%220%22%2F%3E%3C%2Fsvg%3E\" class=\"attachment-thumbnail size-thumbnail lazyload\" alt=\"\" data-orig-src=\"https:\/\/www.teatrostabiletorino.it\/wp-content\/uploads\/2013\/03\/21_LA-PAROLA-CANTA_Peppe-Servillo-Toni-Servilllo-\u00a9-Pietro-Coccia-150x150.jpg\" \/><\/a>\n\t\t\t<\/dt><\/dl><dl class='gallery-item'>\n\t\t\t<dt class='gallery-icon landscape'>\n\t\t\t\t<a data-rel=\"iLightbox[postimages]\" data-title=\"22_BALLATA DI UOMINI E CANI_\u00a9MarcoCaselliNirmal\" data-caption=\"\" href='https:\/\/www.teatrostabiletorino.it\/wp-content\/uploads\/2013\/03\/22_BALLATA-DI-UOMINI-E-CANI_\u00a9MarcoCaselliNirmal.jpg'><img decoding=\"async\" width=\"150\" height=\"150\" src=\"data:image\/svg+xml,%3Csvg%20xmlns%3D%27http%3A%2F%2Fwww.w3.org%2F2000%2Fsvg%27%20width%3D%271728%27%20height%3D%271152%27%20viewBox%3D%270%200%201728%201152%27%3E%3Crect%20width%3D%271728%27%20height%3D%271152%27%20fill-opacity%3D%220%22%2F%3E%3C%2Fsvg%3E\" class=\"attachment-thumbnail size-thumbnail lazyload\" alt=\"\" data-orig-src=\"https:\/\/www.teatrostabiletorino.it\/wp-content\/uploads\/2013\/03\/22_BALLATA-DI-UOMINI-E-CANI_\u00a9MarcoCaselliNirmal-150x150.jpg\" \/><\/a>\n\t\t\t<\/dt><\/dl><dl class='gallery-item'>\n\t\t\t<dt class='gallery-icon landscape'>\n\t\t\t\t<a data-rel=\"iLightbox[postimages]\" data-title=\"OLYMPUS DIGITAL CAMERA\" data-caption=\"\" href='https:\/\/www.teatrostabiletorino.it\/wp-content\/uploads\/2013\/03\/23_IL-TARTUFO_Eros-Pagni-e-Tullio-Solenghi_\u00a9Ansaldi.jpg'><img decoding=\"async\" width=\"150\" height=\"150\" src=\"data:image\/svg+xml,%3Csvg%20xmlns%3D%27http%3A%2F%2Fwww.w3.org%2F2000%2Fsvg%27%20width%3D%272362%27%20height%3D%271574%27%20viewBox%3D%270%200%202362%201574%27%3E%3Crect%20width%3D%272362%27%20height%3D%271574%27%20fill-opacity%3D%220%22%2F%3E%3C%2Fsvg%3E\" class=\"attachment-thumbnail size-thumbnail lazyload\" alt=\"\" data-orig-src=\"https:\/\/www.teatrostabiletorino.it\/wp-content\/uploads\/2013\/03\/23_IL-TARTUFO_Eros-Pagni-e-Tullio-Solenghi_\u00a9Ansaldi-150x150.jpg\" \/><\/a>\n\t\t\t<\/dt><\/dl><dl class='gallery-item'>\n\t\t\t<dt class='gallery-icon landscape'>\n\t\t\t\t<a data-rel=\"iLightbox[postimages]\" data-title=\"24_IL GIUOCO DELLE PARTI_Umberto Orsini\" data-caption=\"\" href='https:\/\/www.teatrostabiletorino.it\/wp-content\/uploads\/2013\/03\/24_IL-GIUOCO-DELLE-PARTI_Umberto-Orsini.jpg'><img decoding=\"async\" width=\"150\" height=\"150\" src=\"data:image\/svg+xml,%3Csvg%20xmlns%3D%27http%3A%2F%2Fwww.w3.org%2F2000%2Fsvg%27%20width%3D%27800%27%20height%3D%27533%27%20viewBox%3D%270%200%20800%20533%27%3E%3Crect%20width%3D%27800%27%20height%3D%27533%27%20fill-opacity%3D%220%22%2F%3E%3C%2Fsvg%3E\" class=\"attachment-thumbnail size-thumbnail lazyload\" alt=\"\" data-orig-src=\"https:\/\/www.teatrostabiletorino.it\/wp-content\/uploads\/2013\/03\/24_IL-GIUOCO-DELLE-PARTI_Umberto-Orsini-150x150.jpg\" \/><\/a>\n\t\t\t<\/dt><\/dl><dl class='gallery-item'>\n\t\t\t<dt class='gallery-icon portrait'>\n\t\t\t\t<a data-rel=\"iLightbox[postimages]\" data-title=\"25_LA DODICESIMA NOTTE_Carlo Cecchi_\u00a9Stefano Baroni\" data-caption=\"\" href='https:\/\/www.teatrostabiletorino.it\/wp-content\/uploads\/2013\/03\/25_LA-DODICESIMA-NOTTE_Carlo-Cecchi_\u00a9Stefano-Baroni.jpg'><img decoding=\"async\" width=\"150\" height=\"150\" src=\"data:image\/svg+xml,%3Csvg%20xmlns%3D%27http%3A%2F%2Fwww.w3.org%2F2000%2Fsvg%27%20width%3D%271260%27%20height%3D%271890%27%20viewBox%3D%270%200%201260%201890%27%3E%3Crect%20width%3D%271260%27%20height%3D%271890%27%20fill-opacity%3D%220%22%2F%3E%3C%2Fsvg%3E\" class=\"attachment-thumbnail size-thumbnail lazyload\" alt=\"\" data-orig-src=\"https:\/\/www.teatrostabiletorino.it\/wp-content\/uploads\/2013\/03\/25_LA-DODICESIMA-NOTTE_Carlo-Cecchi_\u00a9Stefano-Baroni-150x150.jpg\" \/><\/a>\n\t\t\t<\/dt><\/dl><dl class='gallery-item'>\n\t\t\t<dt class='gallery-icon landscape'>\n\t\t\t\t<a data-rel=\"iLightbox[postimages]\" data-title=\"26_KING SIZE_\u00a9Simon Hallstr\u00f6m\" data-caption=\"\" href='https:\/\/www.teatrostabiletorino.it\/wp-content\/uploads\/2013\/03\/26_KING-SIZE_\u00a9Simon-Hallstr\u00f6m.jpg'><img decoding=\"async\" width=\"150\" height=\"150\" src=\"data:image\/svg+xml,%3Csvg%20xmlns%3D%27http%3A%2F%2Fwww.w3.org%2F2000%2Fsvg%27%20width%3D%272362%27%20height%3D%271574%27%20viewBox%3D%270%200%202362%201574%27%3E%3Crect%20width%3D%272362%27%20height%3D%271574%27%20fill-opacity%3D%220%22%2F%3E%3C%2Fsvg%3E\" class=\"attachment-thumbnail size-thumbnail lazyload\" alt=\"\" data-orig-src=\"https:\/\/www.teatrostabiletorino.it\/wp-content\/uploads\/2013\/03\/26_KING-SIZE_\u00a9Simon-Hallstr\u00f6m-150x150.jpg\" \/><\/a>\n\t\t\t<\/dt><\/dl><dl class='gallery-item'>\n\t\t\t<dt class='gallery-icon landscape'>\n\t\t\t\t<a data-rel=\"iLightbox[postimages]\" data-title=\"27_ATRIDI_\u00a9Mario Taddeo\" data-caption=\"\" href='https:\/\/www.teatrostabiletorino.it\/wp-content\/uploads\/2013\/03\/27_ATRIDI_\u00a9Mario-Taddeo.jpg'><img decoding=\"async\" width=\"150\" height=\"150\" src=\"data:image\/svg+xml,%3Csvg%20xmlns%3D%27http%3A%2F%2Fwww.w3.org%2F2000%2Fsvg%27%20width%3D%273542%27%20height%3D%272362%27%20viewBox%3D%270%200%203542%202362%27%3E%3Crect%20width%3D%273542%27%20height%3D%272362%27%20fill-opacity%3D%220%22%2F%3E%3C%2Fsvg%3E\" class=\"attachment-thumbnail size-thumbnail lazyload\" alt=\"\" data-orig-src=\"https:\/\/www.teatrostabiletorino.it\/wp-content\/uploads\/2013\/03\/27_ATRIDI_\u00a9Mario-Taddeo-150x150.jpg\" \/><\/a>\n\t\t\t<\/dt><\/dl><dl class='gallery-item'>\n\t\t\t<dt class='gallery-icon landscape'>\n\t\t\t\t<a data-rel=\"iLightbox[postimages]\" data-title=\"28_I GIGANTI DELLA MONTAGNA\" data-caption=\"\" href='https:\/\/www.teatrostabiletorino.it\/wp-content\/uploads\/2013\/03\/28_I-GIGANTI-DELLA-MONTAGNA.jpg'><img decoding=\"async\" width=\"150\" height=\"150\" src=\"data:image\/svg+xml,%3Csvg%20xmlns%3D%27http%3A%2F%2Fwww.w3.org%2F2000%2Fsvg%27%20width%3D%272126%27%20height%3D%271324%27%20viewBox%3D%270%200%202126%201324%27%3E%3Crect%20width%3D%272126%27%20height%3D%271324%27%20fill-opacity%3D%220%22%2F%3E%3C%2Fsvg%3E\" class=\"attachment-thumbnail size-thumbnail lazyload\" alt=\"\" data-orig-src=\"https:\/\/www.teatrostabiletorino.it\/wp-content\/uploads\/2013\/03\/28_I-GIGANTI-DELLA-MONTAGNA-150x150.jpg\" \/><\/a>\n\t\t\t<\/dt><\/dl><dl class='gallery-item'>\n\t\t\t<dt class='gallery-icon portrait'>\n\t\t\t\t<a data-rel=\"iLightbox[postimages]\" data-title=\"29_LE NOTTI DI TINO\" data-caption=\"\" href='https:\/\/www.teatrostabiletorino.it\/wp-content\/uploads\/2013\/03\/29_LE-NOTTI-DI-TINO.jpg'><img decoding=\"async\" width=\"150\" height=\"150\" src=\"data:image\/svg+xml,%3Csvg%20xmlns%3D%27http%3A%2F%2Fwww.w3.org%2F2000%2Fsvg%27%20width%3D%27800%27%20height%3D%271372%27%20viewBox%3D%270%200%20800%201372%27%3E%3Crect%20width%3D%27800%27%20height%3D%271372%27%20fill-opacity%3D%220%22%2F%3E%3C%2Fsvg%3E\" class=\"attachment-thumbnail size-thumbnail lazyload\" alt=\"\" data-orig-src=\"https:\/\/www.teatrostabiletorino.it\/wp-content\/uploads\/2013\/03\/29_LE-NOTTI-DI-TINO-150x150.jpg\" \/><\/a>\n\t\t\t<\/dt><\/dl><br style=\"clear: both\" \/><dl class='gallery-item'>\n\t\t\t<dt class='gallery-icon landscape'>\n\t\t\t\t<a data-rel=\"iLightbox[postimages]\" data-title=\"30_BORDERMINDPROJECT_IMG_6891\" data-caption=\"\" href='https:\/\/www.teatrostabiletorino.it\/wp-content\/uploads\/2013\/03\/30_BORDERMINDPROJECT_IMG_6891.jpg'><img decoding=\"async\" width=\"150\" height=\"150\" src=\"data:image\/svg+xml,%3Csvg%20xmlns%3D%27http%3A%2F%2Fwww.w3.org%2F2000%2Fsvg%27%20width%3D%272362%27%20height%3D%271574%27%20viewBox%3D%270%200%202362%201574%27%3E%3Crect%20width%3D%272362%27%20height%3D%271574%27%20fill-opacity%3D%220%22%2F%3E%3C%2Fsvg%3E\" class=\"attachment-thumbnail size-thumbnail lazyload\" alt=\"\" data-orig-src=\"https:\/\/www.teatrostabiletorino.it\/wp-content\/uploads\/2013\/03\/30_BORDERMINDPROJECT_IMG_6891-150x150.jpg\" \/><\/a>\n\t\t\t<\/dt><\/dl><dl class='gallery-item'>\n\t\t\t<dt class='gallery-icon landscape'>\n\t\t\t\t<a data-rel=\"iLightbox[postimages]\" data-title=\"31_LOLITA_ \u00a9S. Mazzotta\" data-caption=\"\" href='https:\/\/www.teatrostabiletorino.it\/wp-content\/uploads\/2013\/03\/31_LOLITA_-\u00a9S.-Mazzotta.jpg'><img decoding=\"async\" width=\"150\" height=\"150\" src=\"data:image\/svg+xml,%3Csvg%20xmlns%3D%27http%3A%2F%2Fwww.w3.org%2F2000%2Fsvg%27%20width%3D%273872%27%20height%3D%272186%27%20viewBox%3D%270%200%203872%202186%27%3E%3Crect%20width%3D%273872%27%20height%3D%272186%27%20fill-opacity%3D%220%22%2F%3E%3C%2Fsvg%3E\" class=\"attachment-thumbnail size-thumbnail lazyload\" alt=\"\" data-orig-src=\"https:\/\/www.teatrostabiletorino.it\/wp-content\/uploads\/2013\/03\/31_LOLITA_-\u00a9S.-Mazzotta-150x150.jpg\" \/><\/a>\n\t\t\t<\/dt><\/dl><dl class='gallery-item'>\n\t\t\t<dt class='gallery-icon portrait'>\n\t\t\t\t<a data-rel=\"iLightbox[postimages]\" data-title=\"32_HANNO TUTTI RAGIONE_Iaia Forte\" data-caption=\"\" href='https:\/\/www.teatrostabiletorino.it\/wp-content\/uploads\/2013\/03\/32_HANNO-TUTTI-RAGIONE_Iaia-Forte.jpg'><img decoding=\"async\" width=\"150\" height=\"150\" src=\"https:\/\/www.teatrostabiletorino.it\/wp-content\/uploads\/2013\/03\/32_HANNO-TUTTI-RAGIONE_Iaia-Forte-150x150.jpg\" class=\"attachment-thumbnail size-thumbnail lazyload\" alt=\"\" srcset=\"data:image\/svg+xml,%3Csvg%20xmlns%3D%27http%3A%2F%2Fwww.w3.org%2F2000%2Fsvg%27%20width%3D%272118%27%20height%3D%272126%27%20viewBox%3D%270%200%202118%202126%27%3E%3Crect%20width%3D%272118%27%20height%3D%272126%27%20fill-opacity%3D%220%22%2F%3E%3C%2Fsvg%3E\" data-orig-src=\"https:\/\/www.teatrostabiletorino.it\/wp-content\/uploads\/2013\/03\/32_HANNO-TUTTI-RAGIONE_Iaia-Forte-150x150.jpg\" data-srcset=\"https:\/\/www.teatrostabiletorino.it\/wp-content\/uploads\/2013\/03\/32_HANNO-TUTTI-RAGIONE_Iaia-Forte-150x150.jpg 150w, https:\/\/www.teatrostabiletorino.it\/wp-content\/uploads\/2013\/03\/32_HANNO-TUTTI-RAGIONE_Iaia-Forte-300x300.jpg 300w, https:\/\/www.teatrostabiletorino.it\/wp-content\/uploads\/2013\/03\/32_HANNO-TUTTI-RAGIONE_Iaia-Forte-1020x1024.jpg 1020w\" data-sizes=\"auto\" \/><\/a>\n\t\t\t<\/dt><\/dl><dl class='gallery-item'>\n\t\t\t<dt class='gallery-icon landscape'>\n\t\t\t\t<a data-rel=\"iLightbox[postimages]\" data-title=\"33_LE TROIANE\" data-caption=\"\" href='https:\/\/www.teatrostabiletorino.it\/wp-content\/uploads\/2013\/03\/33_LE-TROIANE.jpg'><img decoding=\"async\" width=\"150\" height=\"150\" src=\"data:image\/svg+xml,%3Csvg%20xmlns%3D%27http%3A%2F%2Fwww.w3.org%2F2000%2Fsvg%27%20width%3D%272126%27%20height%3D%271402%27%20viewBox%3D%270%200%202126%201402%27%3E%3Crect%20width%3D%272126%27%20height%3D%271402%27%20fill-opacity%3D%220%22%2F%3E%3C%2Fsvg%3E\" class=\"attachment-thumbnail size-thumbnail lazyload\" alt=\"\" data-orig-src=\"https:\/\/www.teatrostabiletorino.it\/wp-content\/uploads\/2013\/03\/33_LE-TROIANE-150x150.jpg\" \/><\/a>\n\t\t\t<\/dt><\/dl><dl class='gallery-item'>\n\t\t\t<dt class='gallery-icon landscape'>\n\t\t\t\t<a data-rel=\"iLightbox[postimages]\" data-title=\"34_L&#8217;ULTIMA ESTATE DELL&#8217;EUROPA_Giuseppe Cederna\" data-caption=\"\" href='https:\/\/www.teatrostabiletorino.it\/wp-content\/uploads\/2013\/03\/34_LULTIMA-ESTATE-DELLEUROPA_Giuseppe-Cederna.jpg'><img decoding=\"async\" width=\"150\" height=\"150\" src=\"data:image\/svg+xml,%3Csvg%20xmlns%3D%27http%3A%2F%2Fwww.w3.org%2F2000%2Fsvg%27%20width%3D%272126%27%20height%3D%271857%27%20viewBox%3D%270%200%202126%201857%27%3E%3Crect%20width%3D%272126%27%20height%3D%271857%27%20fill-opacity%3D%220%22%2F%3E%3C%2Fsvg%3E\" class=\"attachment-thumbnail size-thumbnail lazyload\" alt=\"\" data-orig-src=\"https:\/\/www.teatrostabiletorino.it\/wp-content\/uploads\/2013\/03\/34_LULTIMA-ESTATE-DELLEUROPA_Giuseppe-Cederna-150x150.jpg\" \/><\/a>\n\t\t\t<\/dt><\/dl><dl class='gallery-item'>\n\t\t\t<dt class='gallery-icon landscape'>\n\t\t\t\t<a data-rel=\"iLightbox[postimages]\" data-title=\"35_LO ZOO DI VETRO\" data-caption=\"\" href='https:\/\/www.teatrostabiletorino.it\/wp-content\/uploads\/2013\/03\/35_LO-ZOO-DI-VETRO.jpg'><img decoding=\"async\" width=\"150\" height=\"150\" src=\"data:image\/svg+xml,%3Csvg%20xmlns%3D%27http%3A%2F%2Fwww.w3.org%2F2000%2Fsvg%27%20width%3D%272362%27%20height%3D%271626%27%20viewBox%3D%270%200%202362%201626%27%3E%3Crect%20width%3D%272362%27%20height%3D%271626%27%20fill-opacity%3D%220%22%2F%3E%3C%2Fsvg%3E\" class=\"attachment-thumbnail size-thumbnail lazyload\" alt=\"\" data-orig-src=\"https:\/\/www.teatrostabiletorino.it\/wp-content\/uploads\/2013\/03\/35_LO-ZOO-DI-VETRO-150x150.jpg\" \/><\/a>\n\t\t\t<\/dt><\/dl><dl class='gallery-item'>\n\t\t\t<dt class='gallery-icon landscape'>\n\t\t\t\t<a data-rel=\"iLightbox[postimages]\" data-title=\"36_NON SI SA COME_Sandro Lombardi_\u00a9Marcello Norberth\" data-caption=\"\" href='https:\/\/www.teatrostabiletorino.it\/wp-content\/uploads\/2013\/03\/36_NON-SI-SA-COME_Sandro-Lombardi_\u00a9Marcello-Norberth.jpg'><img decoding=\"async\" width=\"150\" height=\"150\" src=\"data:image\/svg+xml,%3Csvg%20xmlns%3D%27http%3A%2F%2Fwww.w3.org%2F2000%2Fsvg%27%20width%3D%272126%27%20height%3D%271417%27%20viewBox%3D%270%200%202126%201417%27%3E%3Crect%20width%3D%272126%27%20height%3D%271417%27%20fill-opacity%3D%220%22%2F%3E%3C%2Fsvg%3E\" class=\"attachment-thumbnail size-thumbnail lazyload\" alt=\"\" data-orig-src=\"https:\/\/www.teatrostabiletorino.it\/wp-content\/uploads\/2013\/03\/36_NON-SI-SA-COME_Sandro-Lombardi_\u00a9Marcello-Norberth-150x150.jpg\" \/><\/a>\n\t\t\t<\/dt><\/dl><dl class='gallery-item'>\n\t\t\t<dt class='gallery-icon landscape'>\n\t\t\t\t<a data-rel=\"iLightbox[postimages]\" data-title=\"37_TO BE OR&#8230; NOTE!\" data-caption=\"\" href='https:\/\/www.teatrostabiletorino.it\/wp-content\/uploads\/2013\/03\/37_TO-BE-OR...-NOTE.jpg'><img decoding=\"async\" width=\"150\" height=\"150\" src=\"data:image\/svg+xml,%3Csvg%20xmlns%3D%27http%3A%2F%2Fwww.w3.org%2F2000%2Fsvg%27%20width%3D%272362%27%20height%3D%271574%27%20viewBox%3D%270%200%202362%201574%27%3E%3Crect%20width%3D%272362%27%20height%3D%271574%27%20fill-opacity%3D%220%22%2F%3E%3C%2Fsvg%3E\" class=\"attachment-thumbnail size-thumbnail lazyload\" alt=\"\" data-orig-src=\"https:\/\/www.teatrostabiletorino.it\/wp-content\/uploads\/2013\/03\/37_TO-BE-OR...-NOTE-150x150.jpg\" \/><\/a>\n\t\t\t<\/dt><\/dl><dl class='gallery-item'>\n\t\t\t<dt class='gallery-icon landscape'>\n\t\t\t\t<a data-rel=\"iLightbox[postimages]\" data-title=\"38_AMORE AI TEMPI DEL COLERA_Laura Marinoni\u00a9FabioLovino\" data-caption=\"\" href='https:\/\/www.teatrostabiletorino.it\/wp-content\/uploads\/2013\/03\/38_AMORE-AI-TEMPI-DEL-COLERA_Laura-Marinoni\u00a9FabioLovino.jpg'><img decoding=\"async\" width=\"150\" height=\"150\" src=\"data:image\/svg+xml,%3Csvg%20xmlns%3D%27http%3A%2F%2Fwww.w3.org%2F2000%2Fsvg%27%20width%3D%272362%27%20height%3D%271564%27%20viewBox%3D%270%200%202362%201564%27%3E%3Crect%20width%3D%272362%27%20height%3D%271564%27%20fill-opacity%3D%220%22%2F%3E%3C%2Fsvg%3E\" class=\"attachment-thumbnail size-thumbnail lazyload\" alt=\"\" data-orig-src=\"https:\/\/www.teatrostabiletorino.it\/wp-content\/uploads\/2013\/03\/38_AMORE-AI-TEMPI-DEL-COLERA_Laura-Marinoni\u00a9FabioLovino-150x150.jpg\" \/><\/a>\n\t\t\t<\/dt><\/dl><br style=\"clear: both\" \/><dl class='gallery-item'>\n\t\t\t<dt class='gallery-icon landscape'>\n\t\t\t\t<a data-rel=\"iLightbox[postimages]\" data-title=\"39_QUALCUNO ERA GIORGIO GABER_Bruno Maria Ferraro\" data-caption=\"\" href='https:\/\/www.teatrostabiletorino.it\/wp-content\/uploads\/2013\/03\/39_QUALCUNO-ERA-GIORGIO-GABER_Bruno-Maria-Ferraro.jpg'><img decoding=\"async\" width=\"150\" height=\"150\" src=\"data:image\/svg+xml,%3Csvg%20xmlns%3D%27http%3A%2F%2Fwww.w3.org%2F2000%2Fsvg%27%20width%3D%272362%27%20height%3D%271772%27%20viewBox%3D%270%200%202362%201772%27%3E%3Crect%20width%3D%272362%27%20height%3D%271772%27%20fill-opacity%3D%220%22%2F%3E%3C%2Fsvg%3E\" class=\"attachment-thumbnail size-thumbnail lazyload\" alt=\"\" data-orig-src=\"https:\/\/www.teatrostabiletorino.it\/wp-content\/uploads\/2013\/03\/39_QUALCUNO-ERA-GIORGIO-GABER_Bruno-Maria-Ferraro-150x150.jpg\" \/><\/a>\n\t\t\t<\/dt><\/dl><dl class='gallery-item'>\n\t\t\t<dt class='gallery-icon portrait'>\n\t\t\t\t<a data-rel=\"iLightbox[postimages]\" data-title=\"40_ITALIA ANNI DIECI\" data-caption=\"\" href='https:\/\/www.teatrostabiletorino.it\/wp-content\/uploads\/2013\/03\/40_ITALIA-ANNI-DIECI.jpg'><img decoding=\"async\" width=\"150\" height=\"150\" src=\"data:image\/svg+xml,%3Csvg%20xmlns%3D%27http%3A%2F%2Fwww.w3.org%2F2000%2Fsvg%27%20width%3D%271572%27%20height%3D%272362%27%20viewBox%3D%270%200%201572%202362%27%3E%3Crect%20width%3D%271572%27%20height%3D%272362%27%20fill-opacity%3D%220%22%2F%3E%3C%2Fsvg%3E\" class=\"attachment-thumbnail size-thumbnail lazyload\" alt=\"\" data-orig-src=\"https:\/\/www.teatrostabiletorino.it\/wp-content\/uploads\/2013\/03\/40_ITALIA-ANNI-DIECI-150x150.jpg\" \/><\/a>\n\t\t\t<\/dt><\/dl><dl class='gallery-item'>\n\t\t\t<dt class='gallery-icon landscape'>\n\t\t\t\t<a data-rel=\"iLightbox[postimages]\" data-title=\"UBO ROI by Jarry\" data-caption=\"\" href='https:\/\/www.teatrostabiletorino.it\/wp-content\/uploads\/2013\/03\/42_UBU-ROI_-@Johan-Persson-2013.jpg'><img decoding=\"async\" width=\"150\" height=\"150\" src=\"data:image\/svg+xml,%3Csvg%20xmlns%3D%27http%3A%2F%2Fwww.w3.org%2F2000%2Fsvg%27%20width%3D%272362%27%20height%3D%271868%27%20viewBox%3D%270%200%202362%201868%27%3E%3Crect%20width%3D%272362%27%20height%3D%271868%27%20fill-opacity%3D%220%22%2F%3E%3C%2Fsvg%3E\" class=\"attachment-thumbnail size-thumbnail lazyload\" alt=\"\" data-orig-src=\"https:\/\/www.teatrostabiletorino.it\/wp-content\/uploads\/2013\/03\/42_UBU-ROI_-@Johan-Persson-2013-150x150.jpg\" \/><\/a>\n\t\t\t<\/dt><\/dl><dl class='gallery-item'>\n\t\t\t<dt class='gallery-icon landscape'>\n\t\t\t\t<a data-rel=\"iLightbox[postimages]\" data-title=\"43_GOSPODIN_Claudio Santamaria_\u00a9FabioLovino\" data-caption=\"\" href='https:\/\/www.teatrostabiletorino.it\/wp-content\/uploads\/2013\/03\/43_GOSPODIN_Claudio-Santamaria_\u00a9FabioLovino.jpg'><img decoding=\"async\" width=\"150\" height=\"150\" src=\"data:image\/svg+xml,%3Csvg%20xmlns%3D%27http%3A%2F%2Fwww.w3.org%2F2000%2Fsvg%27%20width%3D%271348%27%20height%3D%27899%27%20viewBox%3D%270%200%201348%20899%27%3E%3Crect%20width%3D%271348%27%20height%3D%27899%27%20fill-opacity%3D%220%22%2F%3E%3C%2Fsvg%3E\" class=\"attachment-thumbnail size-thumbnail lazyload\" alt=\"\" data-orig-src=\"https:\/\/www.teatrostabiletorino.it\/wp-content\/uploads\/2013\/03\/43_GOSPODIN_Claudio-Santamaria_\u00a9FabioLovino-150x150.jpg\" \/><\/a>\n\t\t\t<\/dt><\/dl><dl class='gallery-item'>\n\t\t\t<dt class='gallery-icon landscape'>\n\t\t\t\t<a data-rel=\"iLightbox[postimages]\" data-title=\"44_LAVORO!_Beppe Rosso\" data-caption=\"\" href='https:\/\/www.teatrostabiletorino.it\/wp-content\/uploads\/2013\/03\/44_LAVORO_Beppe-Rosso.jpg'><img decoding=\"async\" width=\"150\" height=\"150\" src=\"data:image\/svg+xml,%3Csvg%20xmlns%3D%27http%3A%2F%2Fwww.w3.org%2F2000%2Fsvg%27%20width%3D%27783%27%20height%3D%27689%27%20viewBox%3D%270%200%20783%20689%27%3E%3Crect%20width%3D%27783%27%20height%3D%27689%27%20fill-opacity%3D%220%22%2F%3E%3C%2Fsvg%3E\" class=\"attachment-thumbnail size-thumbnail lazyload\" alt=\"\" data-orig-src=\"https:\/\/www.teatrostabiletorino.it\/wp-content\/uploads\/2013\/03\/44_LAVORO_Beppe-Rosso-150x150.jpg\" \/><\/a>\n\t\t\t<\/dt><\/dl><dl class='gallery-item'>\n\t\t\t<dt class='gallery-icon landscape'>\n\t\t\t\t<a data-rel=\"iLightbox[postimages]\" data-title=\"44_SPRING AWAKENING\" data-caption=\"\" href='https:\/\/www.teatrostabiletorino.it\/wp-content\/uploads\/2013\/03\/44_SPRING-AWAKENING.jpg'><img decoding=\"async\" width=\"150\" height=\"150\" src=\"data:image\/svg+xml,%3Csvg%20xmlns%3D%27http%3A%2F%2Fwww.w3.org%2F2000%2Fsvg%27%20width%3D%272362%27%20height%3D%271670%27%20viewBox%3D%270%200%202362%201670%27%3E%3Crect%20width%3D%272362%27%20height%3D%271670%27%20fill-opacity%3D%220%22%2F%3E%3C%2Fsvg%3E\" class=\"attachment-thumbnail size-thumbnail lazyload\" alt=\"\" data-orig-src=\"https:\/\/www.teatrostabiletorino.it\/wp-content\/uploads\/2013\/03\/44_SPRING-AWAKENING-150x150.jpg\" \/><\/a>\n\t\t\t<\/dt><\/dl><dl class='gallery-item'>\n\t\t\t<dt class='gallery-icon portrait'>\n\t\t\t\t<a data-rel=\"iLightbox[postimages]\" data-title=\"45_VERSO MEDEA\" data-caption=\"\" href='https:\/\/www.teatrostabiletorino.it\/wp-content\/uploads\/2013\/03\/45_VERSO-MEDEA.jpg'><img decoding=\"async\" width=\"150\" height=\"150\" src=\"data:image\/svg+xml,%3Csvg%20xmlns%3D%27http%3A%2F%2Fwww.w3.org%2F2000%2Fsvg%27%20width%3D%271416%27%20height%3D%272126%27%20viewBox%3D%270%200%201416%202126%27%3E%3Crect%20width%3D%271416%27%20height%3D%272126%27%20fill-opacity%3D%220%22%2F%3E%3C%2Fsvg%3E\" class=\"attachment-thumbnail size-thumbnail lazyload\" alt=\"\" data-orig-src=\"https:\/\/www.teatrostabiletorino.it\/wp-content\/uploads\/2013\/03\/45_VERSO-MEDEA-150x150.jpg\" \/><\/a>\n\t\t\t<\/dt><\/dl><dl class='gallery-item'>\n\t\t\t<dt class='gallery-icon landscape'>\n\t\t\t\t<a data-rel=\"iLightbox[postimages]\" data-title=\"47_PARTITURA P.\" data-caption=\"\" href='https:\/\/www.teatrostabiletorino.it\/wp-content\/uploads\/2013\/03\/47_PARTITURA-P..jpg'><img decoding=\"async\" width=\"150\" height=\"150\" src=\"data:image\/svg+xml,%3Csvg%20xmlns%3D%27http%3A%2F%2Fwww.w3.org%2F2000%2Fsvg%27%20width%3D%272126%27%20height%3D%271417%27%20viewBox%3D%270%200%202126%201417%27%3E%3Crect%20width%3D%272126%27%20height%3D%271417%27%20fill-opacity%3D%220%22%2F%3E%3C%2Fsvg%3E\" class=\"attachment-thumbnail size-thumbnail lazyload\" alt=\"\" data-orig-src=\"https:\/\/www.teatrostabiletorino.it\/wp-content\/uploads\/2013\/03\/47_PARTITURA-P.-150x150.jpg\" \/><\/a>\n\t\t\t<\/dt><\/dl>\n\t\t\t<br style='clear: both' \/>\n\t\t<\/div>\n<div class=\"fusion-clearfix\"><\/div><\/div><\/div><\/div><\/div><\/p>","protected":false},"excerpt":{"rendered":"","protected":false},"author":2,"featured_media":8604,"comment_status":"closed","ping_status":"closed","sticky":false,"template":"","format":"standard","meta":{"_acf_changed":false,"footnotes":""},"categories":[27],"tags":[],"acf":[],"_links":{"self":[{"href":"https:\/\/www.teatrostabiletorino.it\/en\/wp-json\/wp\/v2\/posts\/8561"}],"collection":[{"href":"https:\/\/www.teatrostabiletorino.it\/en\/wp-json\/wp\/v2\/posts"}],"about":[{"href":"https:\/\/www.teatrostabiletorino.it\/en\/wp-json\/wp\/v2\/types\/post"}],"author":[{"embeddable":true,"href":"https:\/\/www.teatrostabiletorino.it\/en\/wp-json\/wp\/v2\/users\/2"}],"replies":[{"embeddable":true,"href":"https:\/\/www.teatrostabiletorino.it\/en\/wp-json\/wp\/v2\/comments?post=8561"}],"version-history":[{"count":0,"href":"https:\/\/www.teatrostabiletorino.it\/en\/wp-json\/wp\/v2\/posts\/8561\/revisions"}],"wp:featuredmedia":[{"embeddable":true,"href":"https:\/\/www.teatrostabiletorino.it\/en\/wp-json\/wp\/v2\/media\/8604"}],"wp:attachment":[{"href":"https:\/\/www.teatrostabiletorino.it\/en\/wp-json\/wp\/v2\/media?parent=8561"}],"wp:term":[{"taxonomy":"category","embeddable":true,"href":"https:\/\/www.teatrostabiletorino.it\/en\/wp-json\/wp\/v2\/categories?post=8561"},{"taxonomy":"post_tag","embeddable":true,"href":"https:\/\/www.teatrostabiletorino.it\/en\/wp-json\/wp\/v2\/tags?post=8561"}],"curies":[{"name":"wp","href":"https:\/\/api.w.org\/{rel}","templated":true}]}}