{"id":9729,"date":"2013-05-25T17:24:38","date_gmt":"2013-05-25T15:24:38","guid":{"rendered":"http:\/\/www.teatrostabiletorino.it\/?p=9729"},"modified":"2018-02-26T16:24:16","modified_gmt":"2018-02-26T15:24:16","slug":"cyrano-commedia-sulla-purezza-e-sul-valore-della-resistenza-civile","status":"publish","type":"post","link":"https:\/\/www.teatrostabiletorino.it\/en\/cyrano-commedia-sulla-purezza-e-sul-valore-della-resistenza-civile\/","title":{"rendered":"Cyrano, commedia sulla purezza e sul valore della resistenza civile"},"content":{"rendered":"<p class=\"qtranxs-available-languages-message qtranxs-available-languages-message-en\">Sorry, this entry is only available in <a href=\"https:\/\/www.teatrostabiletorino.it\/it\/wp-json\/wp\/v2\/posts\/9729\" class=\"qtranxs-available-language-link qtranxs-available-language-link-it\" title=\"Italiano\">Italiano<\/a>.<\/p><p><strong>STAGIONE 2014\/2015 DEL TEATRO STABILE DI TORINO<\/strong><br \/>\n<strong>Teatro Gobetti<\/strong><br \/>\n<strong> 21 ottobre &#8211; 16 novembre 2014 | Prima nazionale<\/strong><br \/>\n<strong>CYRANO DE BERGERAC<br \/>\n<\/strong><em>Fondazione del Teatro Stabile di Torino<\/em><\/p>\n<p style=\"text-align: justify;\">Accade qualche volta che il destino di un paese trasformi un elemento della propria cultura in una figura quasi mitologica e che questa, nel tempo, diventi un segno inalienabile dell\u2019identit\u00e0 di una nazione. Cos\u00ec avviene nell\u2019ultimo ventennio del XIX secolo e precisamente verso la fine del 1897, quando una incantevole rivisitazione neoromantica dell\u2019antica fiaba de <em>La Bella e la bestia<\/em>, si incarna &#8211; tra eroismo individuale e vocazione al sacrificio \u2013 nelle imprese di un poeta, soldato, innamorato ed idealista, scorticato dalla vita, con un naso brutto e grosso: <em>Cyrano de Bergerac<\/em>.<\/p>\n<p style=\"text-align: justify;\">\u00abAttraverso <em>Cyrano<\/em>, &#8211; scrive Jurij Ferrini &#8211; Edmond Rostand si rivolgeva, secondo il ricordo del figlio Maurice \u201cad una generazione senza pi\u00f9 alcuna fede. I giovani che ascoltavano i colpi inferti all\u2019animo di Cyrano, e che si consolavano con il suo pennacchio, erano gi\u00e0 i condannati del 1914\u201d. Rostand diede loro la forza di morire senza disperarsi. Non potendo impedire che morissero da martiri, gli diede il coraggio di essere eroi; ed \u00e8 per questo che <em>Cyrano de Bergerac <\/em>\u00e8 qualcosa di pi\u00f9 di una commedia eroica in cinque atti: essa \u00e8 un vero e proprio inno romantico al valore\u00bb.<\/p>\n<p style=\"text-align: justify;\">Nella sua carriera di attore e regista Jurij Ferrini ha saputo destreggiarsi tra autori classici e moderni, spogliando puntualmente degli orpelli ogni messinscena, per restituire i testi nelle loro scarna e pungente nudit\u00e0. La sua cifra stilistica gioca su una recitazione cinematografica, agile ma incisiva, mentre sotto la sua attenta direzione, gli interpreti si muovono all\u2019interno di spazi popolati da pochi elementi scenografici insieme funzionali e simbolici.<\/p>\n<p><div class=\"fusion-fullwidth fullwidth-box fusion-builder-row-1 hundred-percent-fullwidth non-hundred-percent-height-scrolling\" style=\"--awb-border-radius-top-left:0px;--awb-border-radius-top-right:0px;--awb-border-radius-bottom-right:0px;--awb-border-radius-bottom-left:0px;--awb-overflow:visible;--awb-flex-wrap:wrap;\" ><div class=\"fusion-builder-row fusion-row\"><div class=\"fusion-layout-column fusion_builder_column fusion-builder-column-0 fusion_builder_column_1_1 1_1 fusion-one-full fusion-column-first fusion-column-last fusion-column-no-min-height\" style=\"--awb-bg-size:cover;--awb-margin-bottom:0px;\"><div class=\"fusion-column-wrapper fusion-flex-column-wrapper-legacy\">\n\t\t<style type=\"text\/css\">\n\t\t\t#gallery-1 {\n\t\t\t\tmargin: auto;\n\t\t\t}\n\t\t\t#gallery-1 .gallery-item {\n\t\t\t\tfloat: left;\n\t\t\t\tmargin-top: 10px;\n\t\t\t\ttext-align: center;\n\t\t\t\twidth: 20%;\n\t\t\t}\n\t\t\t#gallery-1 img {\n\t\t\t\tborder: 2px solid #cfcfcf;\n\t\t\t}\n\t\t\t#gallery-1 .gallery-caption {\n\t\t\t\tmargin-left: 0;\n\t\t\t}\n\t\t\t\/* see gallery_shortcode() in wp-includes\/media.php *\/\n\t\t<\/style>\n\t\t<div id='gallery-1' class='gallery galleryid-9729 gallery-columns-5 gallery-size-thumbnail'><dl class='gallery-item'>\n\t\t\t<dt class='gallery-icon portrait'>\n\t\t\t\t<a data-rel=\"iLightbox[postimages]\" data-title=\"02_ Cyrano &#8211; Foto Andrea Macchia_008\" data-caption=\"\" href='https:\/\/www.teatrostabiletorino.it\/en\/02_-cyrano-foto-andrea-macchia_008\/'><img decoding=\"async\" width=\"150\" height=\"150\" src=\"data:image\/svg+xml,%3Csvg%20xmlns%3D%27http%3A%2F%2Fwww.w3.org%2F2000%2Fsvg%27%20width%3D%271032%27%20height%3D%271546%27%20viewBox%3D%270%200%201032%201546%27%3E%3Crect%20width%3D%271032%27%20height%3D%271546%27%20fill-opacity%3D%220%22%2F%3E%3C%2Fsvg%3E\" class=\"attachment-thumbnail size-thumbnail lazyload\" alt=\"\" data-orig-src=\"https:\/\/www.teatrostabiletorino.it\/wp-content\/uploads\/2013\/05\/02_-Cyrano-Foto-Andrea-Macchia_008-150x150.jpg\" \/><\/a>\n\t\t\t<\/dt><\/dl><dl class='gallery-item'>\n\t\t\t<dt class='gallery-icon portrait'>\n\t\t\t\t<a data-rel=\"iLightbox[postimages]\" data-title=\"03_ Cyrano &#8211; Foto Andrea Macchia_011\" data-caption=\"\" href='https:\/\/www.teatrostabiletorino.it\/en\/03_-cyrano-foto-andrea-macchia_011\/'><img decoding=\"async\" width=\"150\" height=\"150\" src=\"data:image\/svg+xml,%3Csvg%20xmlns%3D%27http%3A%2F%2Fwww.w3.org%2F2000%2Fsvg%27%20width%3D%271032%27%20height%3D%271546%27%20viewBox%3D%270%200%201032%201546%27%3E%3Crect%20width%3D%271032%27%20height%3D%271546%27%20fill-opacity%3D%220%22%2F%3E%3C%2Fsvg%3E\" class=\"attachment-thumbnail size-thumbnail lazyload\" alt=\"\" data-orig-src=\"https:\/\/www.teatrostabiletorino.it\/wp-content\/uploads\/2013\/05\/03_-Cyrano-Foto-Andrea-Macchia_011-150x150.jpg\" \/><\/a>\n\t\t\t<\/dt><\/dl><dl class='gallery-item'>\n\t\t\t<dt class='gallery-icon portrait'>\n\t\t\t\t<a data-rel=\"iLightbox[postimages]\" data-title=\"04_ Cyrano &#8211; Foto Andrea Macchia_013\" data-caption=\"\" href='https:\/\/www.teatrostabiletorino.it\/en\/04_-cyrano-foto-andrea-macchia_013\/'><img decoding=\"async\" width=\"150\" height=\"150\" src=\"data:image\/svg+xml,%3Csvg%20xmlns%3D%27http%3A%2F%2Fwww.w3.org%2F2000%2Fsvg%27%20width%3D%271032%27%20height%3D%271546%27%20viewBox%3D%270%200%201032%201546%27%3E%3Crect%20width%3D%271032%27%20height%3D%271546%27%20fill-opacity%3D%220%22%2F%3E%3C%2Fsvg%3E\" class=\"attachment-thumbnail size-thumbnail lazyload\" alt=\"\" data-orig-src=\"https:\/\/www.teatrostabiletorino.it\/wp-content\/uploads\/2013\/05\/04_-Cyrano-Foto-Andrea-Macchia_013-150x150.jpg\" \/><\/a>\n\t\t\t<\/dt><\/dl><dl class='gallery-item'>\n\t\t\t<dt class='gallery-icon portrait'>\n\t\t\t\t<a data-rel=\"iLightbox[postimages]\" data-title=\"05_ Cyrano &#8211; Foto Andrea Macchia_014\" data-caption=\"\" href='https:\/\/www.teatrostabiletorino.it\/en\/05_-cyrano-foto-andrea-macchia_014\/'><img decoding=\"async\" width=\"150\" height=\"150\" src=\"data:image\/svg+xml,%3Csvg%20xmlns%3D%27http%3A%2F%2Fwww.w3.org%2F2000%2Fsvg%27%20width%3D%271032%27%20height%3D%271546%27%20viewBox%3D%270%200%201032%201546%27%3E%3Crect%20width%3D%271032%27%20height%3D%271546%27%20fill-opacity%3D%220%22%2F%3E%3C%2Fsvg%3E\" class=\"attachment-thumbnail size-thumbnail lazyload\" alt=\"\" data-orig-src=\"https:\/\/www.teatrostabiletorino.it\/wp-content\/uploads\/2013\/05\/05_-Cyrano-Foto-Andrea-Macchia_014-150x150.jpg\" \/><\/a>\n\t\t\t<\/dt><\/dl><dl class='gallery-item'>\n\t\t\t<dt class='gallery-icon landscape'>\n\t\t\t\t<a data-rel=\"iLightbox[postimages]\" data-title=\"06_ Cyrano &#8211; Foto Andrea Macchia_022\" data-caption=\"\" href='https:\/\/www.teatrostabiletorino.it\/en\/06_-cyrano-foto-andrea-macchia_022\/'><img decoding=\"async\" width=\"150\" height=\"150\" src=\"data:image\/svg+xml,%3Csvg%20xmlns%3D%27http%3A%2F%2Fwww.w3.org%2F2000%2Fsvg%27%20width%3D%271546%27%20height%3D%271032%27%20viewBox%3D%270%200%201546%201032%27%3E%3Crect%20width%3D%271546%27%20height%3D%271032%27%20fill-opacity%3D%220%22%2F%3E%3C%2Fsvg%3E\" class=\"attachment-thumbnail size-thumbnail lazyload\" alt=\"\" data-orig-src=\"https:\/\/www.teatrostabiletorino.it\/wp-content\/uploads\/2013\/05\/06_-Cyrano-Foto-Andrea-Macchia_022-150x150.jpg\" \/><\/a>\n\t\t\t<\/dt><\/dl><br style=\"clear: both\" \/><dl class='gallery-item'>\n\t\t\t<dt class='gallery-icon portrait'>\n\t\t\t\t<a data-rel=\"iLightbox[postimages]\" data-title=\"06_ Cyrano &#8211; Ferrini_Foto Andrea Macchia_DSC_9534\" data-caption=\"\" href='https:\/\/www.teatrostabiletorino.it\/en\/06_-cyrano-ferrini_foto-andrea-macchia_dsc_9534\/'><img decoding=\"async\" width=\"150\" height=\"150\" src=\"data:image\/svg+xml,%3Csvg%20xmlns%3D%27http%3A%2F%2Fwww.w3.org%2F2000%2Fsvg%27%20width%3D%271032%27%20height%3D%271546%27%20viewBox%3D%270%200%201032%201546%27%3E%3Crect%20width%3D%271032%27%20height%3D%271546%27%20fill-opacity%3D%220%22%2F%3E%3C%2Fsvg%3E\" class=\"attachment-thumbnail size-thumbnail lazyload\" alt=\"\" data-orig-src=\"https:\/\/www.teatrostabiletorino.it\/wp-content\/uploads\/2014\/10\/06_-Cyrano-Ferrini_Foto-Andrea-Macchia_DSC_9534-150x150.jpg\" \/><\/a>\n\t\t\t<\/dt><\/dl><dl class='gallery-item'>\n\t\t\t<dt class='gallery-icon landscape'>\n\t\t\t\t<a data-rel=\"iLightbox[postimages]\" data-title=\"06_CYRANO DE BERGERAC_Jurij Ferrini\" data-caption=\"\" href='https:\/\/www.teatrostabiletorino.it\/en\/06_cyrano-de-bergerac_jurij-ferrini\/'><img decoding=\"async\" width=\"150\" height=\"150\" src=\"data:image\/svg+xml,%3Csvg%20xmlns%3D%27http%3A%2F%2Fwww.w3.org%2F2000%2Fsvg%27%20width%3D%272126%27%20height%3D%271417%27%20viewBox%3D%270%200%202126%201417%27%3E%3Crect%20width%3D%272126%27%20height%3D%271417%27%20fill-opacity%3D%220%22%2F%3E%3C%2Fsvg%3E\" class=\"attachment-thumbnail size-thumbnail lazyload\" alt=\"\" data-orig-src=\"https:\/\/www.teatrostabiletorino.it\/wp-content\/uploads\/2013\/03\/06_CYRANO-DE-BERGERAC_Jurij-Ferrini-150x150.jpg\" \/><\/a>\n\t\t\t<\/dt><\/dl>\n\t\t\t<br style='clear: both' \/>\n\t\t<\/div>\n\n<p style=\"text-align: justify;\"><a href=\"http:\/\/www.teatrostabiletorino.it\/wp-content\/uploads\/2014\/10\/01_Comunicato-CYRANO.pdf\">01_Comunicato CYRANO<\/a><\/p>\n<p style=\"text-align: justify;\"><a href=\"http:\/\/www.teatrostabiletorino.it\/wp-content\/uploads\/2013\/05\/Didascalie-foto-Cyrano.docx\">02_Didascalie foto Cyrano<\/a><\/p>\n<div class=\"fusion-clearfix\"><\/div><\/div><\/div><\/div><\/div><\/p>","protected":false},"excerpt":{"rendered":"<p>Sorry, this entry is only available in Italiano.STAGIONE 2014\/2015 DEL TEATRO STABILE DI TORINO Teatro <a href=\"https:\/\/www.teatrostabiletorino.it\/en\/cyrano-commedia-sulla-purezza-e-sul-valore-della-resistenza-civile\/\"> [+]<\/a><\/p>\n","protected":false},"author":2,"featured_media":0,"comment_status":"closed","ping_status":"closed","sticky":false,"template":"","format":"standard","meta":{"_acf_changed":false,"footnotes":""},"categories":[27],"tags":[],"acf":[],"_links":{"self":[{"href":"https:\/\/www.teatrostabiletorino.it\/en\/wp-json\/wp\/v2\/posts\/9729"}],"collection":[{"href":"https:\/\/www.teatrostabiletorino.it\/en\/wp-json\/wp\/v2\/posts"}],"about":[{"href":"https:\/\/www.teatrostabiletorino.it\/en\/wp-json\/wp\/v2\/types\/post"}],"author":[{"embeddable":true,"href":"https:\/\/www.teatrostabiletorino.it\/en\/wp-json\/wp\/v2\/users\/2"}],"replies":[{"embeddable":true,"href":"https:\/\/www.teatrostabiletorino.it\/en\/wp-json\/wp\/v2\/comments?post=9729"}],"version-history":[{"count":0,"href":"https:\/\/www.teatrostabiletorino.it\/en\/wp-json\/wp\/v2\/posts\/9729\/revisions"}],"wp:attachment":[{"href":"https:\/\/www.teatrostabiletorino.it\/en\/wp-json\/wp\/v2\/media?parent=9729"}],"wp:term":[{"taxonomy":"category","embeddable":true,"href":"https:\/\/www.teatrostabiletorino.it\/en\/wp-json\/wp\/v2\/categories?post=9729"},{"taxonomy":"post_tag","embeddable":true,"href":"https:\/\/www.teatrostabiletorino.it\/en\/wp-json\/wp\/v2\/tags?post=9729"}],"curies":[{"name":"wp","href":"https:\/\/api.w.org\/{rel}","templated":true}]}}